{"id":95,"date":"2009-10-22T07:06:02","date_gmt":"2009-10-22T06:06:02","guid":{"rendered":"http:\/\/www.sola-poljane.si\/cs\/?p=95"},"modified":"2009-10-22T07:06:02","modified_gmt":"2009-10-22T06:06:02","slug":"1-sportni-dan-jesenski-pohod-na-gabrsko-goro","status":"publish","type":"post","link":"https:\/\/sola-poljane.splet.arnes.si\/?p=95","title":{"rendered":"1. \u0161portni dan &#8211; jesenski pohod na Gabr\u0161ko goro"},"content":{"rendered":"<p>U\u010denci \u010detrtih razredov smo se v sredo, 21. 10. 2009, podali na prvi \u0161portni dan na Gabr\u0161ko goro. Oprtali smo si nahrbtnike, v katere smo pospravili malico, ter se odpravili proti na\u0161emu cilju. Pot nas je vodila skozi pisan gozd, kjer smo veselo nabirali kostanj. Ogledali smo si tudi okolico. U\u010ditelj Janez nam je povedal marsikatero zanimivost o okoli\u0161kih hribih. Hitro smo prispeli na vrh, kjer smo malicali. Po malici smo se igrali skrivalnice ter se lovili, da nam mrzel veter ni mogel do \u017eivega. \u010cas je hitro minil in odpraviti smo se morali nazaj proti dolini. S pohoda smo pri\u0161li dobre volje in oprtani s polnimi vre\u010dami kostanja.<\/p>\nngg_shortcode_0_placeholder\n","protected":false},"excerpt":{"rendered":"<p>U\u010denci \u010detrtih razredov smo se v sredo, 21. 10. 2009, [&hellip;]<\/p>\n","protected":false},"author":1973,"featured_media":0,"comment_status":"closed","ping_status":"closed","sticky":false,"template":"","format":"standard","meta":{"ngg_post_thumbnail":0,"footnotes":""},"categories":[15,9,1],"tags":[],"class_list":["post-95","post","type-post","status-publish","format-standard","hentry","category-dnevi-dejavnosti-2-triada","category-nekategorizirano","category-nerazvrsceno"],"_links":{"self":[{"href":"https:\/\/sola-poljane.splet.arnes.si\/index.php?rest_route=\/wp\/v2\/posts\/95","targetHints":{"allow":["GET"]}}],"collection":[{"href":"https:\/\/sola-poljane.splet.arnes.si\/index.php?rest_route=\/wp\/v2\/posts"}],"about":[{"href":"https:\/\/sola-poljane.splet.arnes.si\/index.php?rest_route=\/wp\/v2\/types\/post"}],"author":[{"embeddable":true,"href":"https:\/\/sola-poljane.splet.arnes.si\/index.php?rest_route=\/wp\/v2\/users\/1973"}],"replies":[{"embeddable":true,"href":"https:\/\/sola-poljane.splet.arnes.si\/index.php?rest_route=%2Fwp%2Fv2%2Fcomments&post=95"}],"version-history":[{"count":0,"href":"https:\/\/sola-poljane.splet.arnes.si\/index.php?rest_route=\/wp\/v2\/posts\/95\/revisions"}],"wp:attachment":[{"href":"https:\/\/sola-poljane.splet.arnes.si\/index.php?rest_route=%2Fwp%2Fv2%2Fmedia&parent=95"}],"wp:term":[{"taxonomy":"category","embeddable":true,"href":"https:\/\/sola-poljane.splet.arnes.si\/index.php?rest_route=%2Fwp%2Fv2%2Fcategories&post=95"},{"taxonomy":"post_tag","embeddable":true,"href":"https:\/\/sola-poljane.splet.arnes.si\/index.php?rest_route=%2Fwp%2Fv2%2Ftags&post=95"}],"curies":[{"name":"wp","href":"https:\/\/api.w.org\/{rel}","templated":true}]}}