{"id":944,"date":"2011-10-19T03:15:25","date_gmt":"2011-10-19T02:15:25","guid":{"rendered":"http:\/\/www.sola-poljane.si\/cs\/?p=944"},"modified":"2011-10-19T03:15:25","modified_gmt":"2011-10-19T02:15:25","slug":"nasi-ucenci-uspesni-na-natecajih","status":"publish","type":"post","link":"https:\/\/sola-poljane.splet.arnes.si\/?p=944","title":{"rendered":"Na\u0161i u\u010denci uspe\u0161ni na nate\u010dajih"},"content":{"rendered":"<p>Na\u0161i u\u010denci se ob strokovnih nasvetih u\u010diteljice likovne zgoje Mihaele \u017dakelj &#8211; Ogrin ve\u010d kot uspe\u0161no predstavljajo tudi na \u0161tevilnih <strong>likovnih nate\u010dajih.<\/strong><\/p>\n<p><strong>U\u010denci devetih razredov<\/strong>, ki so se udele\u017eili Urekovega pohoda na Goro, so ob cerkvi ustvarjali risbe na teme, ki so bile blizu \u0161portnemu novinarju Stanetu Ureku.<\/p>\n<p>Najve\u010d jih je risalo gorsko cerkev, nekateri pa so si za motiv izbrali risbo \u0161portnika. Oglejte si risbe, ki so bile s pomo\u010djo ob\u010dinstva na koncu tudi nagrajene. Nagrade so prejeli <em><strong>Urban Krajnik, Alenka Dolenec <\/strong><\/em>in<em><strong> Anja Stanonik.<\/strong><\/em><\/p>\n<p>&nbsp;<\/p>\n<p style=\"text-align: center\"><a href=\"http:\/\/www.sola-poljane.si\/cs\/wp-content\/uploads\/2011\/10\/Mihaela1.jpg\"><img loading=\"lazy\" decoding=\"async\" class=\"size-medium wp-image-946 aligncenter\" title=\"Mihaela1\" src=\"http:\/\/www.sola-poljane.si\/cs\/wp-content\/uploads\/2011\/10\/Mihaela1-300x221.jpg\" alt=\"\" width=\"301\" height=\"220\" \/><\/a><em><\/em><\/p>\n<p style=\"text-align: center\"><em>\u0160PORTNIKI, VKLJU\u010cENI V POKRAJINO, kombinirana tehnika kola\u017ea in slike (Alenka Dolenec, 9. b)<\/em><\/p>\n<p><a href=\"http:\/\/www.sola-poljane.si\/cs\/wp-content\/uploads\/2011\/10\/Mihaela21.jpg\"><img loading=\"lazy\" decoding=\"async\" class=\"aligncenter size-medium wp-image-948\" title=\"Mihaela2\" src=\"http:\/\/www.sola-poljane.si\/cs\/wp-content\/uploads\/2011\/10\/Mihaela21-219x300.jpg\" alt=\"\" width=\"303\" height=\"419\" \/><\/a><\/p>\n<p style=\"text-align: center\"><em>CERKEV NA GORI, oglje (Anja Stanonik, 9. b)<\/em><\/p>\n<p>&nbsp;<\/p>\n<p><a href=\"http:\/\/www.sola-poljane.si\/cs\/wp-content\/uploads\/2011\/10\/Mihaela3.jpg\"><img loading=\"lazy\" decoding=\"async\" class=\"aligncenter size-medium wp-image-949\" title=\"Mihaela3\" src=\"http:\/\/www.sola-poljane.si\/cs\/wp-content\/uploads\/2011\/10\/Mihaela3-300x209.jpg\" alt=\"\" width=\"308\" height=\"215\" \/><\/a><\/p>\n<p style=\"text-align: center\"><em>CERKEV NA GORI, impresionisti\u010dni na\u010din (Urban Krajnik, 9. a)<\/em><\/p>\n<h2 style=\"text-align: center\"><strong>\u00a0******<\/strong><\/h2>\n<p>Likovni nate\u010daji na \u0161ir\u0161ih ravneh pa potekajo dalj\u0161e \u010dasovno obdobje, nagrajeni izdelki pa so predstavljeni \u0161ele potem, ko jih z ve\u010dih vidikov presodijo strokovne komisije.<\/p>\n<p>Tako je \u0161e lansko \u0161olsko leto od 1. marca do 30. junija potekal <strong>mednarodni likovni nate\u010daj OTRO\u0160KA GRAFIKA,<\/strong> na katerem je sodelovalo 385 otrok in 46 mentorjev iz 42 osnovnih \u0161ol in likovnih ustanov iz Rusije, Romunije, Bolgarije, Hrva\u0161ke in Slovenije.<\/p>\n<p>Nagrajenci so bili objavljeni v tem tednu in z veseljem sporo\u010damo, da je na\u0161a u\u010denka <strong>Lucija Bogataj pod mentorstvom u\u010diteljic Mihaele \u017dakelj Ogrin in Nine Tr\u010dek osvojila ZLATO PLAKETO<\/strong>. Razstava nagrajenih izdelkov bo na ogled v knji\u017enici Osnovne \u0161ole Prule od 26. oktobra 2011 do 3. februarja 2012, ob razstavi pa bo iz\u0161el tudi katalog v tiskani in elektronski obliki, ki bo predstavil nagrajena dela in izdelke.<\/p>\n<p>\u0160e zanimivost &#8211; ko je na\u0161a \u0161ola v mesecu februarju 2011 gostila <strong>regijsko Cankarjevo tekmovanje<\/strong>, smo pri\u010dujo\u010di Lucijin izdelek podarili vsem u\u010diteljem mentorjem in spremljevalcem, ki so na na\u0161o \u0161olo pripeljali u\u010dence in dijake z Gorenjske.<\/p>\n<p>&nbsp;<\/p>\n<p><a href=\"http:\/\/www.sola-poljane.si\/cs\/wp-content\/uploads\/2011\/10\/Lucija11.jpg\"><img loading=\"lazy\" decoding=\"async\" class=\"aligncenter size-medium wp-image-953\" title=\"Lucija1\" src=\"http:\/\/www.sola-poljane.si\/cs\/wp-content\/uploads\/2011\/10\/Lucija11-224x300.jpg\" alt=\"\" width=\"258\" height=\"346\" \/><\/a><\/p>\n<p style=\"text-align: center\"><em>LINOREZ, Lucija Bogataj, 8. a<\/em><\/p>\n<p>&nbsp;<\/p>\n<p>&nbsp;<\/p>\n<p>Za uspe\u0161no se je v septembru izkazalo tudi na\u0161e sodelovanje na \u0161e enem likovnem nate\u010daju, ki je bil sicer razpisan \u017ee v lanskem \u0161olskem letu &#8211; <strong>GOZD KOT PROSTOR PRAVLJI\u010cNE UTOPIJE.<\/strong><\/p>\n<p>Na nate\u010daju so sodelovali u\u010denke in u\u010denci 9. razredov, ki so obiskovali izbirni predmet likovno snovanje III &#8211; Ma\u0161a Ali\u010d, Tanja Buh, Karmen Dolenc, Ne\u017eka Dolenc, Renata Dolenc, Jernej Habjan, Ema Hafner, Ur\u0161ka Jelov\u010dan, Sandi Kri\u017enar, Petra Oblak, Sabina Omejc, Lucija Petrov\u010di\u010d, Tilen Sitar in Marko Stanonik. Prejeli so <strong>SKUPINSKO NAGRADO ZA PREPRI\u010cLJIV LIKOVNI IZRAZ NA RAZPISANO TEMATIKO<\/strong>. V utemeljitvi izbora je med drugim zapisano:<\/p>\n<p><em>&#8220;&#8230; Mladi raziskovalci so se \u017ee kot zreli likovni misleci in posamezniki uspe\u0161no spopadli z likovno tematiko. Pokazali so veliko mero odraslosti v interpretaciji Gozda kot motiva pravlji\u010dne utopije &#8230; Njihovi izrazi so raznoliki, vendar vsak prina\u0161a kompozicijsko in vsebinsko zaklju\u010deno celoto s tenko\u010dutno izrisano motiviko.&#8221;<\/em><\/p>\n<p>Vsa likovna dela sodelujo\u010dih u\u010dencev so bila razstavljena v Sti\u010dni v Muzeju kr\u0161\u010danstva na Slovenskem, razstava pa je bila posve\u010dena praznovanju dnevov evropske kulturne dedi\u0161\u010dine in mednarodnemu letu gozdov pod geslom Gozdovi za ljudi.<\/p>\n<p>&nbsp;<\/p>\n","protected":false},"excerpt":{"rendered":"<p>Na\u0161i u\u010denci se ob strokovnih nasvetih u\u010diteljice likovne zgoje Mihaele [&hellip;]<\/p>\n","protected":false},"author":1973,"featured_media":0,"comment_status":"closed","ping_status":"open","sticky":false,"template":"","format":"standard","meta":{"ngg_post_thumbnail":0,"footnotes":""},"categories":[39,37,9,1,23],"tags":[],"class_list":["post-944","post","type-post","status-publish","format-standard","hentry","category-3-triletje","category-natecaji","category-nekategorizirano","category-nerazvrsceno","category-ostale-kategorije"],"_links":{"self":[{"href":"https:\/\/sola-poljane.splet.arnes.si\/index.php?rest_route=\/wp\/v2\/posts\/944","targetHints":{"allow":["GET"]}}],"collection":[{"href":"https:\/\/sola-poljane.splet.arnes.si\/index.php?rest_route=\/wp\/v2\/posts"}],"about":[{"href":"https:\/\/sola-poljane.splet.arnes.si\/index.php?rest_route=\/wp\/v2\/types\/post"}],"author":[{"embeddable":true,"href":"https:\/\/sola-poljane.splet.arnes.si\/index.php?rest_route=\/wp\/v2\/users\/1973"}],"replies":[{"embeddable":true,"href":"https:\/\/sola-poljane.splet.arnes.si\/index.php?rest_route=%2Fwp%2Fv2%2Fcomments&post=944"}],"version-history":[{"count":0,"href":"https:\/\/sola-poljane.splet.arnes.si\/index.php?rest_route=\/wp\/v2\/posts\/944\/revisions"}],"wp:attachment":[{"href":"https:\/\/sola-poljane.splet.arnes.si\/index.php?rest_route=%2Fwp%2Fv2%2Fmedia&parent=944"}],"wp:term":[{"taxonomy":"category","embeddable":true,"href":"https:\/\/sola-poljane.splet.arnes.si\/index.php?rest_route=%2Fwp%2Fv2%2Fcategories&post=944"},{"taxonomy":"post_tag","embeddable":true,"href":"https:\/\/sola-poljane.splet.arnes.si\/index.php?rest_route=%2Fwp%2Fv2%2Ftags&post=944"}],"curies":[{"name":"wp","href":"https:\/\/api.w.org\/{rel}","templated":true}]}}