{"id":9303,"date":"2018-06-21T09:05:20","date_gmt":"2018-06-21T07:05:20","guid":{"rendered":"http:\/\/www.sola-poljane.si\/cs\/?p=9303"},"modified":"2018-08-29T06:34:51","modified_gmt":"2018-08-29T04:34:51","slug":"ucenci-2-razreda-na-naravoslovnem-dnevu-o-lovstvu","status":"publish","type":"post","link":"https:\/\/sola-poljane.splet.arnes.si\/?p=9303","title":{"rendered":"U\u010denci 2. razreda na naravoslovnem dnevu o lovstvu"},"content":{"rendered":"<p>V torek, 5. junija 2018, so u\u010denci 2. razreda O\u0160 Poljane imeli naravoslovni dan. Preko dopoldneva so se dru\u017eili s \u010dlanoma Lovske dru\u017eine Poljane.<br \/>\nLovec Lado jim je predstavil celo vrsto naga\u010denih \u017eivali, o njih povedal nekaj zna\u010dilnosti in posebnosti.<br \/>\nEdina lovka dru\u017eine, ga. Sely, jim je predstavila lovsko obleko in del opreme, ki ne sme manjkati v lovskem nahrbtniku, povedala nekaj o najpogostej\u0161ih boleznih divjih \u017eivali in hkrati opozorila na primerno ravnanje z \u017eivalmi, ki jih sre\u010dujemo v gozdu. Kar obstali so, ko jim je povedala tudi o svojem sre\u010danju z medvedom.<\/p>\n<p>Naravoslovni dan je potekal na \u010ceteni Ravni na kmetiji Pr\u00b4 O\u017ebet&#8217; in Pr&#8217; Dav\u010den&#8217;, kjer so nam prijazno odstopili prostor, da smo ND sploh lahko izpeljali.<br \/>\nDopoldne je hitro minilo in \u017ee so nas \u010dakali kombiji in nas odpeljali nazaj v \u0161olo.<\/p>\n<p><strong><span style=\"color: #008000\">VTISI U\u010cENK IN U\u010cENCEV<\/span><\/strong><\/p>\n<p><em>Izbrala sem lovstvo zato, ker rada hodim v gozd in imam rada \u017eivali, najbolj gozdne. Moj ati je lovec in je tudi glaven za strelstvo v Poljanah. Na naravoslovnem dnevu smo sestavljali tudi slike \u017eivali. Videli smo, kaj ima lovec v nahrbtniku. Izvedeli smo zelo veliko. Na posnetku smo sli\u0161ali ogla\u0161anje \u0161akala. Jaz veliko vem o lovstvu, ker me je ati veliko nau\u010dil.<\/em><br \/>\n<strong>Mojca Rakovec, 2. a<\/strong><\/p>\n<p><em>Na naravoslovni dan smo se peljali z avtobusom. Spoznala sem lovca Lada in lovko Sely. S Sely smo opisovali, z lovcem Ladom pa gledali \u017eivali. Prvi\u010d sem videla naga\u010dene \u017eivali. Imela sem se zelo lepo.<br \/>\n<\/em><strong>Leja Arnolj, 2. a<\/strong><\/p>\n<p><em>Pri lovki Sely in lovcu Ladu smo se imeli zelo lepo. Zelo so bile zanimive naga\u010dene \u017eivali. Sely nam je povedala, \u010de ho\u010de\u0161 biti lovec, mora\u0161 poznati vse \u017eivali. Lado nam je predvajal ogla\u0161anje \u0161akala. Ta dan mi bo ostal v lepem spominu.<\/em><br \/>\n<strong>Manca Dolinar, 2. a<\/strong><\/p>\n<p><em>Spoznali smo nove \u017eivali in zanimivosti o njih. Izvedeli smo tudi, da je klop zelo nevarna \u017eival in da lovec mora imeti izpit. Lovec ne sme streljati \u017eivali od blizu. Lov\u010deva oprema je zelene barve. V nahrbtniku ima tudi malico.<\/em><br \/>\n<strong>Oskar Klemen\u010di\u010d, 2. a<\/strong><\/p>\n<p><em>Najbolj mi je bilo v\u0161e\u010d, ko smo se peljali z avtobusom. Ko smo prispeli, mi je bilo zelo lepo. Veliko stvari smo izvedeli. Zanimivo mi je bilo, ko je lovec razlagal o gamsu. Na steni smo videli naga\u010dene \u017eivali.<\/em><br \/>\n<strong>Nik Krpi\u010d, 2. a<\/strong><\/p>\n<p><em>Pri lovcu smo spoznali veliko \u017eivali. Najljub\u0161i mi je bil medved. Ko smo se pogovarjali o medvedih, sem se ustra\u0161il. Planinski orel je najmo\u010dnej\u0161a \u017eival. Je med mesojedimi pticami.\u00a0<\/em><em>Lovci imajo tudi lovske nahrbtnike.<br \/>\n<\/em><strong>Bor Kor\u010de, 2. a<\/strong><\/p>\n<p><em>Na naravoslovnem dnevu smo bili v \u010ceteni Ravni. Najprej smo se pogovarjali o \u017eivalih, potem pa smo gledali naga\u010dene \u017eivali. Imeli smo tudi kviz. Po malici smo od\u0161li domov.<br \/>\n<\/em><strong>Jakob Marolt, 2. a<\/strong><\/p>\n<p><em>V torek smo obiskali lovca. Pripovedoval nam je o divjadi. Najbolj v\u0161e\u010d mi je bilo pripovedovanje o sovi. Ogledali smo si tudi naga\u010dene \u017eivali. Na koncu smo lahko pihnili v lovski rog.<\/em><br \/>\n<strong>Eva Sajovic, 2. a<\/strong><\/p>\n<p><em>Zjutraj, ob 8.20, smo se odpeljali do kmetije Pr&#8217; O\u017ebet v \u010ceteno Ravan. Tam sta nas pri\u010dakala lovec Lado in lovka Sely. Spoznali smo razli\u010dno divjad s pomo\u010djo sestavljank. Lovec Lado nam je predstavil naga\u010dene \u017eivali. Od vseh \u017eivali mi je bil najbolj v\u0161e\u010d \u0161akal.<br \/>\n<\/em><strong>Nik Pintar, 2. a<\/strong><\/p>\n<p><em>V torek smo \u0161li k lovki in lovcu v \u010ceteno Ravan. Tja smo se peljali z avtobusom. Sestavljali smo \u017eivali in si jih ogledovali. Lovec nam je povedal, kako \u017eivali \u017eivijo in se hranijo. Lovka nam je povedala o sre\u010danju z medvedom. Lovca sta nam predstavila tudi lovsko opremo. Bil je lep dan in izvedeli smo veliko o \u017eivalih.<br \/>\n<\/em><strong>Taja Mrak, 2. a<\/strong><\/p>\n<p><em>V torek smo od\u0161li k lovcu. Predstavil nam je \u017eivali. Gospa Sely nam je predstavila lovsko opremo. Najbolj mi je bil v\u0161e\u010d opis divjega petelina. Pri gospe Sely mi je bilo v\u0161e\u010d, ko sem izvedela, da morajo lovci imeti lovsko knji\u017eico. Ko bom odrasla, bom tudi jaz lovka.<\/em><br \/>\n<strong>Ajda Stanonik, 2. a<\/strong><\/p>\n<p><em>Bili smo v \u010ceteni Ravni, pri lovcu Ladotu in lovki Sely. Ogledali smo si veliko \u017eivali. Sestavljali smo tudi razrezane slike. Videli smo naga\u010denega medveda. Bilo je veliko jelenov, gamsov in srnjakov. Na koncu smo poslu\u0161ali tudi ogla\u0161anje \u0161akala.<br \/>\n<\/em><strong>Angelika Strel, 2. a<\/strong><\/p>\n<p>&nbsp;<\/p>\n<p><strong>Zapisala: Irma \u010cade\u017e, vodja ND<\/strong><\/p>\n<p>&nbsp;<\/p>\n<p><strong><span style=\"color: #008000\">1. skupina<\/span><\/strong><\/p>\nngg_shortcode_0_placeholder\n<p><strong><span style=\"color: #008000\">2. skupina<\/span><\/strong><\/p>\nngg_shortcode_1_placeholder\n<p>&nbsp;<\/p>\n<p>&nbsp;<\/p>\n<p>&nbsp;<\/p>\n","protected":false},"excerpt":{"rendered":"<p>V torek, 5. junija leta 2018, so u\u010denci 2. razreda O\u0160 Poljane imeli naravoslovni dan. Preko dopoldneva so se dru\u017eili s \u010dlanoma LD Poljane.<\/p>\n","protected":false},"author":1973,"featured_media":10193,"comment_status":"closed","ping_status":"open","sticky":false,"template":"","format":"standard","meta":{"ngg_post_thumbnail":0,"footnotes":""},"categories":[33,7,55],"tags":[],"class_list":["post-9303","post","type-post","status-publish","format-standard","has-post-thumbnail","hentry","category-1-triletje","category-dnevi-dejavnosti","category-dogajanje"],"_links":{"self":[{"href":"https:\/\/sola-poljane.splet.arnes.si\/index.php?rest_route=\/wp\/v2\/posts\/9303","targetHints":{"allow":["GET"]}}],"collection":[{"href":"https:\/\/sola-poljane.splet.arnes.si\/index.php?rest_route=\/wp\/v2\/posts"}],"about":[{"href":"https:\/\/sola-poljane.splet.arnes.si\/index.php?rest_route=\/wp\/v2\/types\/post"}],"author":[{"embeddable":true,"href":"https:\/\/sola-poljane.splet.arnes.si\/index.php?rest_route=\/wp\/v2\/users\/1973"}],"replies":[{"embeddable":true,"href":"https:\/\/sola-poljane.splet.arnes.si\/index.php?rest_route=%2Fwp%2Fv2%2Fcomments&post=9303"}],"version-history":[{"count":9,"href":"https:\/\/sola-poljane.splet.arnes.si\/index.php?rest_route=\/wp\/v2\/posts\/9303\/revisions"}],"predecessor-version":[{"id":10927,"href":"https:\/\/sola-poljane.splet.arnes.si\/index.php?rest_route=\/wp\/v2\/posts\/9303\/revisions\/10927"}],"wp:featuredmedia":[{"embeddable":true,"href":"https:\/\/sola-poljane.splet.arnes.si\/index.php?rest_route=\/wp\/v2\/media\/10193"}],"wp:attachment":[{"href":"https:\/\/sola-poljane.splet.arnes.si\/index.php?rest_route=%2Fwp%2Fv2%2Fmedia&parent=9303"}],"wp:term":[{"taxonomy":"category","embeddable":true,"href":"https:\/\/sola-poljane.splet.arnes.si\/index.php?rest_route=%2Fwp%2Fv2%2Fcategories&post=9303"},{"taxonomy":"post_tag","embeddable":true,"href":"https:\/\/sola-poljane.splet.arnes.si\/index.php?rest_route=%2Fwp%2Fv2%2Ftags&post=9303"}],"curies":[{"name":"wp","href":"https:\/\/api.w.org\/{rel}","templated":true}]}}