{"id":9196,"date":"2018-06-22T20:39:30","date_gmt":"2018-06-22T19:39:30","guid":{"rendered":"http:\/\/www.sola-poljane.si\/cs\/?p=9196"},"modified":"2018-08-28T20:55:32","modified_gmt":"2018-08-28T18:55:32","slug":"prireditev-ob-zakljucku-pouka-in-dnevu-drzavnosti","status":"publish","type":"post","link":"https:\/\/sola-poljane.splet.arnes.si\/?p=9196","title":{"rendered":"Prireditev ob zaklju\u010dku pouka in dnevu dr\u017eavnosti"},"content":{"rendered":"<p>Od pouka v \u0161olskem letu 2017\/2018 smo se poslovili z zaklju\u010dno prireditvijo, ki je bila namenjena tudi po\u010dastitvi dneva dr\u017eavnosti.<\/p>\n<p>Vodilna tema prireditve je bilo <strong><span style=\"color: #008000\">domoljubje<\/span><\/strong>, konec pa nas je pospremil v <strong><span style=\"color: #ff6600\">pisane po\u010ditnice<\/span><\/strong>. Nastopili so vsi trije \u0161olski pevski zbori, ki so pred prelepo kuliso Triglava in Alja\u017eevega stolpa prepevali rado\u017eive pesmi \u2013 ne samo v sloven\u0161\u010dini, ampak tudi v nem\u0161\u010dini in franco\u0161\u010dini. Jakob Pisk je na tubo zaigral del Ode radosti, Elin Kos je navdu\u0161ila z do\u017eiveto izvedbo modernega plesa, ob zvokih \u017euborenja vode so se predstavili mladi plesalci, Tinkara Tu\u0161ek je na citre zaigrala skladbo Tam, kjer sem doma. Pesem Oj, Triglav, moj dom so u\u010denke deklamirale v sloven\u0161\u010dini, angle\u0161\u010dini in alban\u0161\u010dini, spremljal jih je mladinski pevski zbor. Po govoru ravnateljice in podelitvi priznanj so prireditev energi\u010dno zaklju\u010dili vsi trije zbori s pesmijo iz Bratov\u0161\u010dine Sinjega galeba, ki so jo spremljali u\u010denci izbirnega predmeta ansambelska igra, ritmu in petju pa je pritegnilo tudi ob\u010dinstvo.<\/p>\n<p>S citati iz del slovenskih pisateljev ter s pregovori in mislimi o domovini so program povezovali u\u010denci 6. a razreda, zaklju\u010dili pa so takole:<\/p>\n<p><em><strong><span style=\"color: #0000ff\">\u00bbPre\u017eivite te po\u010ditnice kakor sinji galebi na svoji poti, ki svobodno jadrajo, se dru\u017eijo in med seboj gradijo mostove prijateljstva, razigranosti in sre\u010de. Vzemite si \u010das zase, prepustite se vetru in odjadrajte v pisano poletje.\u00ab<\/span><\/strong><\/em><\/p>\nngg_shortcode_0_placeholder\n","protected":false},"excerpt":{"rendered":"<p>Od pouka v \u0161olskem letu 2017\/2018 smo se poslovili z zaklju\u010dno prireditvijo, ki je bila namenjena tudi po\u010dastitvi dneva dr\u017eavnosti.<\/p>\n","protected":false},"author":1973,"featured_media":10205,"comment_status":"closed","ping_status":"open","sticky":false,"template":"","format":"standard","meta":{"ngg_post_thumbnail":0,"footnotes":""},"categories":[55,25],"tags":[],"class_list":["post-9196","post","type-post","status-publish","format-standard","has-post-thumbnail","hentry","category-dogajanje","category-prireditve"],"_links":{"self":[{"href":"https:\/\/sola-poljane.splet.arnes.si\/index.php?rest_route=\/wp\/v2\/posts\/9196","targetHints":{"allow":["GET"]}}],"collection":[{"href":"https:\/\/sola-poljane.splet.arnes.si\/index.php?rest_route=\/wp\/v2\/posts"}],"about":[{"href":"https:\/\/sola-poljane.splet.arnes.si\/index.php?rest_route=\/wp\/v2\/types\/post"}],"author":[{"embeddable":true,"href":"https:\/\/sola-poljane.splet.arnes.si\/index.php?rest_route=\/wp\/v2\/users\/1973"}],"replies":[{"embeddable":true,"href":"https:\/\/sola-poljane.splet.arnes.si\/index.php?rest_route=%2Fwp%2Fv2%2Fcomments&post=9196"}],"version-history":[{"count":4,"href":"https:\/\/sola-poljane.splet.arnes.si\/index.php?rest_route=\/wp\/v2\/posts\/9196\/revisions"}],"predecessor-version":[{"id":10917,"href":"https:\/\/sola-poljane.splet.arnes.si\/index.php?rest_route=\/wp\/v2\/posts\/9196\/revisions\/10917"}],"wp:featuredmedia":[{"embeddable":true,"href":"https:\/\/sola-poljane.splet.arnes.si\/index.php?rest_route=\/wp\/v2\/media\/10205"}],"wp:attachment":[{"href":"https:\/\/sola-poljane.splet.arnes.si\/index.php?rest_route=%2Fwp%2Fv2%2Fmedia&parent=9196"}],"wp:term":[{"taxonomy":"category","embeddable":true,"href":"https:\/\/sola-poljane.splet.arnes.si\/index.php?rest_route=%2Fwp%2Fv2%2Fcategories&post=9196"},{"taxonomy":"post_tag","embeddable":true,"href":"https:\/\/sola-poljane.splet.arnes.si\/index.php?rest_route=%2Fwp%2Fv2%2Ftags&post=9196"}],"curies":[{"name":"wp","href":"https:\/\/api.w.org\/{rel}","templated":true}]}}