{"id":8999,"date":"2018-06-15T17:54:22","date_gmt":"2018-06-15T16:54:22","guid":{"rendered":"http:\/\/www.sola-poljane.si\/cs\/?p=8999"},"modified":"2018-08-28T20:29:39","modified_gmt":"2018-08-28T18:29:39","slug":"tinkara-na-drzavnem-tekmovanju-iz-atletike","status":"publish","type":"post","link":"https:\/\/sola-poljane.splet.arnes.si\/?p=8999","title":{"rendered":"Tinkara na dr\u017eavnem tekmovanju iz atletike"},"content":{"rendered":"<p>V sredo, 6. junija, je v \u017dalcu potekalo dr\u017eavno tekmovanje v atletiki. Na tem dogodku se zberejo najbolj\u0161e u\u010denke in u\u010denci, ki so na podro\u010dni ravni opazno izstopali s svojimi rezultati. Med drugimi je bila letos z na\u0161e \u0161ole udele\u017eenka tega tekmovanja <strong><span style=\"color: #ff6600\">Tinkara Krek v teku na 300 metrov<\/span><\/strong>.<br \/>\nPo izvrstnem teku v Kranju je Tinkara svoj rezultat v \u017dalcu \u0161e malenkost nadgradila. \u010cas njenega teka je bil 45:39, kar je zadostovalo za skupno <strong><span style=\"color: #0000ff\">11. mesto<\/span><\/strong> na dr\u017eavnem nivoju med mlaj\u0161imi u\u010denkami.\u00a0 Kot pravi sama, tek \u0161e ni bil popoln, saj je bila pozna na \u0161tartu. To se v prihodnjih letih \u0161e da popraviti, zato upam, da ji bodo uspevali vsaj tako dobri, \u010de ne \u0161e bolj\u0161i teki in s tem tudi lepe uvrstitve.<\/p>\n<p><span style=\"color: #0000ff\">\u010cestitke \u0161e enkrat za dose\u017een rezultat in osvojeno 11. mesto na dr\u017eavnem tekmovanju iz atletike. \u00a0<\/span><\/p>\n<p><a href=\"http:\/\/www.sola-poljane.si\/cs\/wp-content\/uploads\/2018\/06\/IMG_20180606_124932.jpg\"><img loading=\"lazy\" decoding=\"async\" class=\"aligncenter wp-image-9000 size-large\" src=\"http:\/\/www.sola-poljane.si\/cs\/wp-content\/uploads\/2018\/06\/IMG_20180606_124932-1024x768.jpg\" alt=\"\" width=\"730\" height=\"548\" \/><\/a><\/p>\n<p><a href=\"http:\/\/www.sola-poljane.si\/cs\/wp-content\/uploads\/2018\/06\/IMG_20180606_124942.jpg\"><img loading=\"lazy\" decoding=\"async\" class=\"size-large wp-image-9001 aligncenter\" src=\"http:\/\/www.sola-poljane.si\/cs\/wp-content\/uploads\/2018\/06\/IMG_20180606_124942-1024x768.jpg\" alt=\"\" width=\"730\" height=\"548\" \/><\/a><\/p>\n","protected":false},"excerpt":{"rendered":"<p>V sredo, 6. junija, je v \u017dalcu potekalo dr\u017eavno tekmovanje [&hellip;]<\/p>\n","protected":false},"author":1973,"featured_media":0,"comment_status":"closed","ping_status":"open","sticky":false,"template":"","format":"standard","meta":{"ngg_post_thumbnail":0,"footnotes":""},"categories":[55,59],"tags":[],"class_list":["post-8999","post","type-post","status-publish","format-standard","hentry","category-dogajanje","category-sportna-tekmovanja"],"_links":{"self":[{"href":"https:\/\/sola-poljane.splet.arnes.si\/index.php?rest_route=\/wp\/v2\/posts\/8999","targetHints":{"allow":["GET"]}}],"collection":[{"href":"https:\/\/sola-poljane.splet.arnes.si\/index.php?rest_route=\/wp\/v2\/posts"}],"about":[{"href":"https:\/\/sola-poljane.splet.arnes.si\/index.php?rest_route=\/wp\/v2\/types\/post"}],"author":[{"embeddable":true,"href":"https:\/\/sola-poljane.splet.arnes.si\/index.php?rest_route=\/wp\/v2\/users\/1973"}],"replies":[{"embeddable":true,"href":"https:\/\/sola-poljane.splet.arnes.si\/index.php?rest_route=%2Fwp%2Fv2%2Fcomments&post=8999"}],"version-history":[{"count":1,"href":"https:\/\/sola-poljane.splet.arnes.si\/index.php?rest_route=\/wp\/v2\/posts\/8999\/revisions"}],"predecessor-version":[{"id":9423,"href":"https:\/\/sola-poljane.splet.arnes.si\/index.php?rest_route=\/wp\/v2\/posts\/8999\/revisions\/9423"}],"wp:attachment":[{"href":"https:\/\/sola-poljane.splet.arnes.si\/index.php?rest_route=%2Fwp%2Fv2%2Fmedia&parent=8999"}],"wp:term":[{"taxonomy":"category","embeddable":true,"href":"https:\/\/sola-poljane.splet.arnes.si\/index.php?rest_route=%2Fwp%2Fv2%2Fcategories&post=8999"},{"taxonomy":"post_tag","embeddable":true,"href":"https:\/\/sola-poljane.splet.arnes.si\/index.php?rest_route=%2Fwp%2Fv2%2Ftags&post=8999"}],"curies":[{"name":"wp","href":"https:\/\/api.w.org\/{rel}","templated":true}]}}