{"id":8988,"date":"2018-06-07T22:13:50","date_gmt":"2018-06-07T21:13:50","guid":{"rendered":"http:\/\/www.sola-poljane.si\/cs\/?p=8988"},"modified":"2018-08-28T19:47:17","modified_gmt":"2018-08-28T17:47:17","slug":"sestosolci-v-botanicnem-vrtu","status":"publish","type":"post","link":"https:\/\/sola-poljane.splet.arnes.si\/?p=8988","title":{"rendered":"\u0160esto\u0161olci v Botani\u010dnem vrtu"},"content":{"rendered":"<p>V ponedeljek, 28. 5. 2018, smo se \u0161esti razredi zjutraj z avtobusom odpravili v Botani\u010dni vrt\u00a0 Ljubljani.\u00a0 Tam smo se razdelili na dve skupini, A in B razred. Videli smo veliko razli\u010dnih rastlin, kot so drevesa in rastline, ki rastejo v tropskih krajih in \u0161e mnogo drugih. V tropskem rastlinjaku smo videli bananovec, kakavovec, bambus in druge rastline. V okolici smo videli tiso, ki je zelo strupena, mesojede rastline, kaktuse, mak in \u0161e ogromno drugih rastlin. Zelo zanimiva se mi je zdela rastlina, ki je bila podobna gozdnim jagodam. Medtem ko so nam prijazne vodi\u010dke razkazovale vrt, smo re\u0161evali u\u010dne liste. Sledila je slastna malica, nato pa smo delali samostojno. Kmalu smo se odpeljali nazaj v Poljane.<br \/>\nImeli smo zares dober in zanimiv za\u010detek tedna, ki je zelo hitro minil.<\/p>\n<p><em><strong>Iza Benedi\u010di\u010d, 6. b<\/strong><\/em><\/p>\nngg_shortcode_0_placeholder\n<p>&nbsp;<\/p>\n<p>&nbsp;<\/p>\n","protected":false},"excerpt":{"rendered":"<p>V ponedeljek, 28. 5. 2018, smo se \u0161esti razredi zjutraj [&hellip;]<\/p>\n","protected":false},"author":1973,"featured_media":0,"comment_status":"closed","ping_status":"open","sticky":false,"template":"","format":"standard","meta":{"ngg_post_thumbnail":0,"footnotes":""},"categories":[35,15,55],"tags":[],"class_list":["post-8988","post","type-post","status-publish","format-standard","hentry","category-2-triletje","category-dnevi-dejavnosti-2-triada","category-dogajanje"],"_links":{"self":[{"href":"https:\/\/sola-poljane.splet.arnes.si\/index.php?rest_route=\/wp\/v2\/posts\/8988","targetHints":{"allow":["GET"]}}],"collection":[{"href":"https:\/\/sola-poljane.splet.arnes.si\/index.php?rest_route=\/wp\/v2\/posts"}],"about":[{"href":"https:\/\/sola-poljane.splet.arnes.si\/index.php?rest_route=\/wp\/v2\/types\/post"}],"author":[{"embeddable":true,"href":"https:\/\/sola-poljane.splet.arnes.si\/index.php?rest_route=\/wp\/v2\/users\/1973"}],"replies":[{"embeddable":true,"href":"https:\/\/sola-poljane.splet.arnes.si\/index.php?rest_route=%2Fwp%2Fv2%2Fcomments&post=8988"}],"version-history":[{"count":3,"href":"https:\/\/sola-poljane.splet.arnes.si\/index.php?rest_route=\/wp\/v2\/posts\/8988\/revisions"}],"predecessor-version":[{"id":10891,"href":"https:\/\/sola-poljane.splet.arnes.si\/index.php?rest_route=\/wp\/v2\/posts\/8988\/revisions\/10891"}],"wp:attachment":[{"href":"https:\/\/sola-poljane.splet.arnes.si\/index.php?rest_route=%2Fwp%2Fv2%2Fmedia&parent=8988"}],"wp:term":[{"taxonomy":"category","embeddable":true,"href":"https:\/\/sola-poljane.splet.arnes.si\/index.php?rest_route=%2Fwp%2Fv2%2Fcategories&post=8988"},{"taxonomy":"post_tag","embeddable":true,"href":"https:\/\/sola-poljane.splet.arnes.si\/index.php?rest_route=%2Fwp%2Fv2%2Ftags&post=8988"}],"curies":[{"name":"wp","href":"https:\/\/api.w.org\/{rel}","templated":true}]}}