{"id":8981,"date":"2018-06-05T05:21:19","date_gmt":"2018-06-05T04:21:19","guid":{"rendered":"http:\/\/www.sola-poljane.si\/cs\/?p=8981"},"modified":"2018-08-28T20:09:32","modified_gmt":"2018-08-28T18:09:32","slug":"podrocno-tekmovanje-v-atletiki","status":"publish","type":"post","link":"https:\/\/sola-poljane.splet.arnes.si\/?p=8981","title":{"rendered":"Podro\u010dno tekmovanje v atletiki"},"content":{"rendered":"<p>V sredo, 30. maja, smo se udele\u017eili podro\u010dnega tekmovanja v atletiki, ki je potekalo v Kranju. Tekmovanje je potekalo isto\u010dasno za mlaj\u0161e kot starej\u0161e u\u010dence in u\u010denke v vseh disciplinah. Je pa tokrat zaradi neprimernih pogojev, ki bi lahko ogro\u017eali varnost tekmovalcev, izpadel skok v vi\u0161ino.<br \/>\nNa\u0161i u\u010denci so zopet navdu\u0161ili, saj so vsi izbolj\u0161ali svoje rezultate z medob\u010dinskega tekmovanja.<br \/>\nNa izvrstno 3. mesto se je uvrstila <strong><span style=\"color: #ff6600\">Tinkara Krek<\/span> <\/strong>v teku na 300 metrov. Na 4. mestu je v teku na 300 metrov pristal tudi <strong><span style=\"color: #0000ff\">\u017diga Peternel<\/span><\/strong>. Za las je bila ob kolajno <strong><span style=\"color: #ff6600\">Lena Grebenc<\/span><\/strong>, ki se je v teku na \u00a0600 metrov uvrstila na 4. mesto, le dve desetinki za tretjeuvr\u0161\u010deno. Med starej\u0161im u\u010denci se je izkazal <strong><span style=\"color: #0000ff\">\u017dan Pustovrh<\/span><\/strong>, ki je bil v teku na 300 metrov osmi in je prav tako izbolj\u0161al predhodni dose\u017eek. Na 8. mesto se je uvrstila tudi <strong><span style=\"color: #ff6600\">Anja Luznar<\/span><\/strong> v teku na 600 metrov. <strong><span style=\"color: #0000ff\">David Peternel<\/span><\/strong> je izbolj\u0161al dose\u017eek iz predtekmovanja v teku na 60 metrov in se uvrstil skupno na 12. mesto. <strong><span style=\"color: #0000ff\">Alja\u017e Dolenec<\/span><\/strong> je v teku na 1000 metrov zasedel 13. mesto. <strong><span style=\"color: #ff6600\">Nika Jur\u010di\u010d<\/span> <\/strong>je v skoku v daljino pristala na 14. mestu. <strong><span style=\"color: #ff6600\">Nastja Dolenec<\/span><\/strong> se je v metu vorteksa hrabro borila, a je njena dol\u017eina zado\u0161\u010dala za 8. mesto. Nastopali smo tudi <strong><span style=\"color: #0000ff\">v \u0161tafeti,<\/span><\/strong> in sicer starej\u0161i de\u010dki, ki so v drugi tekmovalni skupini dosegli 5. mesto, skupno pa 11. mesto na Gorenjskem.<\/p>\n<p><strong>Na dr\u017eavno tekmovanje se je uvrstila Tinkara Krek v teku na 300 metrov<\/strong>.<\/p>\n<p>\u010cestitke vsem nastopajo\u010dim za odli\u010dne rezultate!<\/p>\n<p><em><strong>Ale\u0161 Mrak<\/strong><\/em><\/p>\nngg_shortcode_0_placeholder\n","protected":false},"excerpt":{"rendered":"<p>V sredo, 30. maja, smo se udele\u017eili podro\u010dnega tekmovanja v [&hellip;]<\/p>\n","protected":false},"author":1973,"featured_media":0,"comment_status":"closed","ping_status":"open","sticky":false,"template":"","format":"standard","meta":{"ngg_post_thumbnail":0,"footnotes":""},"categories":[55,59],"tags":[],"class_list":["post-8981","post","type-post","status-publish","format-standard","hentry","category-dogajanje","category-sportna-tekmovanja"],"_links":{"self":[{"href":"https:\/\/sola-poljane.splet.arnes.si\/index.php?rest_route=\/wp\/v2\/posts\/8981","targetHints":{"allow":["GET"]}}],"collection":[{"href":"https:\/\/sola-poljane.splet.arnes.si\/index.php?rest_route=\/wp\/v2\/posts"}],"about":[{"href":"https:\/\/sola-poljane.splet.arnes.si\/index.php?rest_route=\/wp\/v2\/types\/post"}],"author":[{"embeddable":true,"href":"https:\/\/sola-poljane.splet.arnes.si\/index.php?rest_route=\/wp\/v2\/users\/1973"}],"replies":[{"embeddable":true,"href":"https:\/\/sola-poljane.splet.arnes.si\/index.php?rest_route=%2Fwp%2Fv2%2Fcomments&post=8981"}],"version-history":[{"count":2,"href":"https:\/\/sola-poljane.splet.arnes.si\/index.php?rest_route=\/wp\/v2\/posts\/8981\/revisions"}],"predecessor-version":[{"id":10883,"href":"https:\/\/sola-poljane.splet.arnes.si\/index.php?rest_route=\/wp\/v2\/posts\/8981\/revisions\/10883"}],"wp:attachment":[{"href":"https:\/\/sola-poljane.splet.arnes.si\/index.php?rest_route=%2Fwp%2Fv2%2Fmedia&parent=8981"}],"wp:term":[{"taxonomy":"category","embeddable":true,"href":"https:\/\/sola-poljane.splet.arnes.si\/index.php?rest_route=%2Fwp%2Fv2%2Fcategories&post=8981"},{"taxonomy":"post_tag","embeddable":true,"href":"https:\/\/sola-poljane.splet.arnes.si\/index.php?rest_route=%2Fwp%2Fv2%2Ftags&post=8981"}],"curies":[{"name":"wp","href":"https:\/\/api.w.org\/{rel}","templated":true}]}}