{"id":8418,"date":"2018-04-09T22:36:07","date_gmt":"2018-04-09T21:36:07","guid":{"rendered":"http:\/\/www.sola-poljane.si\/cs\/?p=8418"},"modified":"2018-04-09T22:36:07","modified_gmt":"2018-04-09T21:36:07","slug":"naravoslovni-dan-v-1-razredu-semena-rastline-plodovi-in-dober-tek","status":"publish","type":"post","link":"https:\/\/sola-poljane.splet.arnes.si\/?p=8418","title":{"rendered":"Naravoslovni dan v 1. razredu \u2013 semena, rastline, plodovi in &#8230; dober tek!"},"content":{"rendered":"<p>V zadnjih dneh marca smo le do\u010dakali pomlad. Za pomladno vzdu\u0161je smo poskrbeli tudi v u\u010dilnicah 1. razreda. Ogledali smo si zbirko semen in spoznavali pot od semena do rastline in plodov. Nato je vsak prvo\u0161olec v svoj lon\u010dek posejal seme, za katerega bo skrbel, da bo \u010dimprej vzkalilo.<\/p>\n<p>V nadaljevanju sta sledila pripravljanje sadne solate ter priprava pogrinjkov. Pripravljena sladica nam je zelo teknila.<\/p>\n<h2><strong><span style=\"color: #ff6600\">1. a<\/span><\/strong><\/h2>\nngg_shortcode_0_placeholder\n<h2><\/h2>\n<h2><strong><span style=\"color: #008000\">*******************************************<\/span><\/strong><\/h2>\n<h2><strong><span style=\"color: #ff6600\">1. b<\/span><\/strong><\/h2>\nngg_shortcode_1_placeholder\n","protected":false},"excerpt":{"rendered":"<p>V zadnjih dneh marca smo le do\u010dakali pomlad. Za pomladno [&hellip;]<\/p>\n","protected":false},"author":1973,"featured_media":0,"comment_status":"closed","ping_status":"open","sticky":false,"template":"","format":"standard","meta":{"ngg_post_thumbnail":0,"footnotes":""},"categories":[33,7,1],"tags":[],"class_list":["post-8418","post","type-post","status-publish","format-standard","hentry","category-1-triletje","category-dnevi-dejavnosti","category-nerazvrsceno"],"_links":{"self":[{"href":"https:\/\/sola-poljane.splet.arnes.si\/index.php?rest_route=\/wp\/v2\/posts\/8418","targetHints":{"allow":["GET"]}}],"collection":[{"href":"https:\/\/sola-poljane.splet.arnes.si\/index.php?rest_route=\/wp\/v2\/posts"}],"about":[{"href":"https:\/\/sola-poljane.splet.arnes.si\/index.php?rest_route=\/wp\/v2\/types\/post"}],"author":[{"embeddable":true,"href":"https:\/\/sola-poljane.splet.arnes.si\/index.php?rest_route=\/wp\/v2\/users\/1973"}],"replies":[{"embeddable":true,"href":"https:\/\/sola-poljane.splet.arnes.si\/index.php?rest_route=%2Fwp%2Fv2%2Fcomments&post=8418"}],"version-history":[{"count":0,"href":"https:\/\/sola-poljane.splet.arnes.si\/index.php?rest_route=\/wp\/v2\/posts\/8418\/revisions"}],"wp:attachment":[{"href":"https:\/\/sola-poljane.splet.arnes.si\/index.php?rest_route=%2Fwp%2Fv2%2Fmedia&parent=8418"}],"wp:term":[{"taxonomy":"category","embeddable":true,"href":"https:\/\/sola-poljane.splet.arnes.si\/index.php?rest_route=%2Fwp%2Fv2%2Fcategories&post=8418"},{"taxonomy":"post_tag","embeddable":true,"href":"https:\/\/sola-poljane.splet.arnes.si\/index.php?rest_route=%2Fwp%2Fv2%2Ftags&post=8418"}],"curies":[{"name":"wp","href":"https:\/\/api.w.org\/{rel}","templated":true}]}}