{"id":8405,"date":"2018-04-03T20:47:43","date_gmt":"2018-04-03T19:47:43","guid":{"rendered":"http:\/\/www.sola-poljane.si\/cs\/?p=8405"},"modified":"2018-04-03T20:47:43","modified_gmt":"2018-04-03T19:47:43","slug":"natecaj-zivljenje-je-lepo","status":"publish","type":"post","link":"https:\/\/sola-poljane.splet.arnes.si\/?p=8405","title":{"rendered":"Nate\u010daj \u017divljenje je lepo"},"content":{"rendered":"<p>Kulturno dru\u0161tvo Ivana Tav\u010darja Poljane je razpisalo <strong><span style=\"color: #ff6600\">literarni in likovni nate\u010daj z naslovom \u017divljenje je lepo<\/span><\/strong>.<br \/>\nNa likovnem podro\u010dju so bili iz prvega triletja nagrajeni <span style=\"color: #ff6600\">\u0160aja Rupar<\/span> in <span style=\"color: #ff6600\">Oskar Klemen\u010di\u010d<\/span> iz 2. razreda ter <span style=\"color: #ff6600\">Nina Habjan<\/span> iz 3. razreda.<br \/>\nNagrajenci 2. triletja so: <span style=\"color: #ff6600\">Amadej Dem\u0161ar<\/span> in <span style=\"color: #ff6600\">Zoja Klemen\u010di\u010d<\/span> iz 4. razreda ter <span style=\"color: #ff6600\">Barbara Kr\u017ei\u0161nik<\/span> iz 6. razreda, v tretjem triletju pa je nagrado prejela<span style=\"color: #ff6600\"> Ana Marolt<\/span> iz 7. razreda.<\/p>\n<p>Rezultate so razglasili na prireditvi v Kulturnem domu Poljane.<\/p>\n<p>Tu je nekaj utrinkov s prireditve.<\/p>\nngg_shortcode_0_placeholder\n<p>&nbsp;<\/p>\n<p><em><strong>Foto: Tadeja \u0160ubic<\/strong><\/em><\/p>\n","protected":false},"excerpt":{"rendered":"<p>Kulturno dru\u0161tvo Ivana Tav\u010darja Poljane je razpisalo literarni in likovni [&hellip;]<\/p>\n","protected":false},"author":1973,"featured_media":0,"comment_status":"closed","ping_status":"open","sticky":false,"template":"","format":"standard","meta":{"ngg_post_thumbnail":0,"footnotes":""},"categories":[37,1],"tags":[],"class_list":["post-8405","post","type-post","status-publish","format-standard","hentry","category-natecaji","category-nerazvrsceno"],"_links":{"self":[{"href":"https:\/\/sola-poljane.splet.arnes.si\/index.php?rest_route=\/wp\/v2\/posts\/8405","targetHints":{"allow":["GET"]}}],"collection":[{"href":"https:\/\/sola-poljane.splet.arnes.si\/index.php?rest_route=\/wp\/v2\/posts"}],"about":[{"href":"https:\/\/sola-poljane.splet.arnes.si\/index.php?rest_route=\/wp\/v2\/types\/post"}],"author":[{"embeddable":true,"href":"https:\/\/sola-poljane.splet.arnes.si\/index.php?rest_route=\/wp\/v2\/users\/1973"}],"replies":[{"embeddable":true,"href":"https:\/\/sola-poljane.splet.arnes.si\/index.php?rest_route=%2Fwp%2Fv2%2Fcomments&post=8405"}],"version-history":[{"count":0,"href":"https:\/\/sola-poljane.splet.arnes.si\/index.php?rest_route=\/wp\/v2\/posts\/8405\/revisions"}],"wp:attachment":[{"href":"https:\/\/sola-poljane.splet.arnes.si\/index.php?rest_route=%2Fwp%2Fv2%2Fmedia&parent=8405"}],"wp:term":[{"taxonomy":"category","embeddable":true,"href":"https:\/\/sola-poljane.splet.arnes.si\/index.php?rest_route=%2Fwp%2Fv2%2Fcategories&post=8405"},{"taxonomy":"post_tag","embeddable":true,"href":"https:\/\/sola-poljane.splet.arnes.si\/index.php?rest_route=%2Fwp%2Fv2%2Ftags&post=8405"}],"curies":[{"name":"wp","href":"https:\/\/api.w.org\/{rel}","templated":true}]}}