{"id":8376,"date":"2018-03-26T22:05:55","date_gmt":"2018-03-26T21:05:55","guid":{"rendered":"http:\/\/www.sola-poljane.si\/cs\/?p=8376"},"modified":"2018-03-26T22:05:55","modified_gmt":"2018-03-26T21:05:55","slug":"ucenci-obiskali-starejse-krajane","status":"publish","type":"post","link":"https:\/\/sola-poljane.splet.arnes.si\/?p=8376","title":{"rendered":"U\u010denci obiskali starej\u0161e krajane"},"content":{"rendered":"<p>V tednu pred za\u010detkom koledarske pomladi so<strong><span style=\"color: #ff6600\"> u\u010denci 1. triletja<\/span><\/strong> na tretjem tehni\u0161kem dnevu ponovno ustvarjali <strong><span style=\"color: #008000\">za starej\u0161e krajane<\/span><\/strong>. Ne glede na to, da je zima \u0161e opletala z repom, so bili \u017ee veselo razpolo\u017eeni in izdelali drobna darilca na temo te\u017eko pri\u010dakovane pomladi. V 1. razredu so izrezovali\u00a0 tulipane, v 3. razredu so jih zgibali, v 2. razredu pa prav tako kot prvo\u0161olci izrezovali razli\u010dne ro\u017eice in jih nato vsi prilepili na pripravljeno podlago ter dodali zapis z dobrimi \u017eeljami.<br \/>\nPreko 90 u\u010dencev cele \u0161ole bo tudi letos potrkalo na vrata na\u0161im 190-im krajanom, starim 75 let in ve\u010d, ter jim skromno darilce izro\u010dilo osebno. Ne le obisk in majhna pozornost, ampak tudi kak\u0161na izre\u010dena beseda bo v njihove domove prinesla pomladni dih in med njimi osve\u017eila tanke niti medgeneracijske povezanosti.<\/p>\n<p>U\u010denci so del tehni\u0161kega dne namenili tudi izdelovanju pomladne razredne dekoracije in vo\u0161\u010dilnic za star\u0161e.<\/p>\n<p><em><strong>Irma \u010cade\u017e, vodja TD <\/strong><\/em><\/p>\n<p><em><strong>1. a<\/strong><\/em><\/p>\nngg_shortcode_0_placeholder\n<p><span style=\"color: #008000\">***********************<\/span><\/p>\n<p><em><strong>1. b<\/strong><\/em><\/p>\nngg_shortcode_1_placeholder\n<p><span style=\"color: #008000\">***********************<\/span><\/p>\n<p><em><strong>2. a<\/strong><\/em><\/p>\nngg_shortcode_2_placeholder\n<p><span style=\"color: #008000\">***********************<\/span><\/p>\n<p><em><strong>2. b<\/strong><\/em><\/p>\nngg_shortcode_3_placeholder\n<p><span style=\"color: #008000\">***********************<\/span><\/p>\n<p><em><strong>3. a<\/strong><\/em><\/p>\nngg_shortcode_4_placeholder\n<p><span style=\"color: #008000\">***********************<\/span><\/p>\n<p><em><strong>3. b<\/strong><\/em><\/p>\nngg_shortcode_5_placeholder\n","protected":false},"excerpt":{"rendered":"<p>V tednu pred za\u010detkom koledarske pomladi so u\u010denci 1. triletja [&hellip;]<\/p>\n","protected":false},"author":1973,"featured_media":0,"comment_status":"closed","ping_status":"open","sticky":false,"template":"","format":"standard","meta":{"ngg_post_thumbnail":0,"footnotes":""},"categories":[33,7,1],"tags":[],"class_list":["post-8376","post","type-post","status-publish","format-standard","hentry","category-1-triletje","category-dnevi-dejavnosti","category-nerazvrsceno"],"_links":{"self":[{"href":"https:\/\/sola-poljane.splet.arnes.si\/index.php?rest_route=\/wp\/v2\/posts\/8376","targetHints":{"allow":["GET"]}}],"collection":[{"href":"https:\/\/sola-poljane.splet.arnes.si\/index.php?rest_route=\/wp\/v2\/posts"}],"about":[{"href":"https:\/\/sola-poljane.splet.arnes.si\/index.php?rest_route=\/wp\/v2\/types\/post"}],"author":[{"embeddable":true,"href":"https:\/\/sola-poljane.splet.arnes.si\/index.php?rest_route=\/wp\/v2\/users\/1973"}],"replies":[{"embeddable":true,"href":"https:\/\/sola-poljane.splet.arnes.si\/index.php?rest_route=%2Fwp%2Fv2%2Fcomments&post=8376"}],"version-history":[{"count":0,"href":"https:\/\/sola-poljane.splet.arnes.si\/index.php?rest_route=\/wp\/v2\/posts\/8376\/revisions"}],"wp:attachment":[{"href":"https:\/\/sola-poljane.splet.arnes.si\/index.php?rest_route=%2Fwp%2Fv2%2Fmedia&parent=8376"}],"wp:term":[{"taxonomy":"category","embeddable":true,"href":"https:\/\/sola-poljane.splet.arnes.si\/index.php?rest_route=%2Fwp%2Fv2%2Fcategories&post=8376"},{"taxonomy":"post_tag","embeddable":true,"href":"https:\/\/sola-poljane.splet.arnes.si\/index.php?rest_route=%2Fwp%2Fv2%2Ftags&post=8376"}],"curies":[{"name":"wp","href":"https:\/\/api.w.org\/{rel}","templated":true}]}}