{"id":708,"date":"2011-05-13T12:09:32","date_gmt":"2011-05-13T11:09:32","guid":{"rendered":"http:\/\/www.sola-poljane.si\/cs\/?p=708"},"modified":"2011-05-13T12:09:32","modified_gmt":"2011-05-13T11:09:32","slug":"izdelovanje-logotipa-za-obcinsko-prvenstvo-kaj-ves-o-prometu-bicikl-2011","status":"publish","type":"post","link":"https:\/\/sola-poljane.splet.arnes.si\/?p=708","title":{"rendered":"izdelovanje logotipa za ob\u010dinsko prvenstvo Kaj ve\u0161 o prometu &#8211; BICIKL 2011"},"content":{"rendered":"<p>Pri likovnem snovanju II.  smo izdelovali znak (logotip) za  majice BICIKL 2011. Natisnjene bodo za 6. odprto ob\u010dinsko prvenstvo, ki bo 19. maja na na\u0161i \u0161oli.<\/p>\n<p>Avtorji najbolj\u0161ih izdelkov so:  Maj Sedla\u0161ek, Meta Gantar, Anja Stanonik in Henrika Peternelj. Za tisk je bil izbran znak Maja Sedla\u0161ka.<\/p>\n<p style=\"text-align: left\"><a href=\"http:\/\/www.sola-poljane.si\/cs\/wp-content\/uploads\/2011\/05\/LS_maj2011.jpg\"><img loading=\"lazy\" decoding=\"async\" class=\"aligncenter size-full wp-image-709\" title=\"LS_maj2011\" src=\"http:\/\/www.sola-poljane.si\/cs\/wp-content\/uploads\/2011\/05\/LS_maj2011.jpg\" alt=\"\" width=\"567\" height=\"492\" \/><\/a>Vsem avtorjem izbranih del \u0161e enkrat \u010destitava mentorici Mihaela in Nina.<\/p>\n","protected":false},"excerpt":{"rendered":"<p>Pri likovnem snovanju II. smo izdelovali znak (logotip) za majice [&hellip;]<\/p>\n","protected":false},"author":1973,"featured_media":0,"comment_status":"closed","ping_status":"open","sticky":false,"template":"","format":"standard","meta":{"ngg_post_thumbnail":0,"footnotes":""},"categories":[39,37,9,1],"tags":[],"class_list":["post-708","post","type-post","status-publish","format-standard","hentry","category-3-triletje","category-natecaji","category-nekategorizirano","category-nerazvrsceno"],"_links":{"self":[{"href":"https:\/\/sola-poljane.splet.arnes.si\/index.php?rest_route=\/wp\/v2\/posts\/708","targetHints":{"allow":["GET"]}}],"collection":[{"href":"https:\/\/sola-poljane.splet.arnes.si\/index.php?rest_route=\/wp\/v2\/posts"}],"about":[{"href":"https:\/\/sola-poljane.splet.arnes.si\/index.php?rest_route=\/wp\/v2\/types\/post"}],"author":[{"embeddable":true,"href":"https:\/\/sola-poljane.splet.arnes.si\/index.php?rest_route=\/wp\/v2\/users\/1973"}],"replies":[{"embeddable":true,"href":"https:\/\/sola-poljane.splet.arnes.si\/index.php?rest_route=%2Fwp%2Fv2%2Fcomments&post=708"}],"version-history":[{"count":0,"href":"https:\/\/sola-poljane.splet.arnes.si\/index.php?rest_route=\/wp\/v2\/posts\/708\/revisions"}],"wp:attachment":[{"href":"https:\/\/sola-poljane.splet.arnes.si\/index.php?rest_route=%2Fwp%2Fv2%2Fmedia&parent=708"}],"wp:term":[{"taxonomy":"category","embeddable":true,"href":"https:\/\/sola-poljane.splet.arnes.si\/index.php?rest_route=%2Fwp%2Fv2%2Fcategories&post=708"},{"taxonomy":"post_tag","embeddable":true,"href":"https:\/\/sola-poljane.splet.arnes.si\/index.php?rest_route=%2Fwp%2Fv2%2Ftags&post=708"}],"curies":[{"name":"wp","href":"https:\/\/api.w.org\/{rel}","templated":true}]}}