{"id":7063,"date":"2016-06-16T13:02:33","date_gmt":"2016-06-16T12:02:33","guid":{"rendered":"http:\/\/www.sola-poljane.si\/cs\/?p=7063"},"modified":"2016-06-16T13:02:33","modified_gmt":"2016-06-16T12:02:33","slug":"sportni-dan-za-8-razred-pohod-na-blegos","status":"publish","type":"post","link":"https:\/\/sola-poljane.splet.arnes.si\/?p=7063","title":{"rendered":"\u0160portni dan za 8. razred &#8211; pohod na Blego\u0161"},"content":{"rendered":"<p>8. junija smo se u\u010denci 8. razredov zjutraj odpravili proti Blego\u0161u. Vzpon smo pri\u010deli v \u017detini. Pogled na Blego\u0161 ni bil prav ni\u010d spodbuden.<\/p>\n<p><img loading=\"lazy\" decoding=\"async\" class=\"aligncenter size-large wp-image-7069\" src=\"http:\/\/www.sola-poljane.si\/cs\/wp-content\/uploads\/2016\/06\/SD_8r_Blegos16_19.jpg\" alt=\"SD_8r_Blegos16_19\" width=\"730\" height=\"548\" \/><\/p>\n<p>Pot smo nadaljevali preko \u010crnega Kala in po grebenu proti vrhu. Kljub obla\u010dnemu vremenu nas ni prav ni\u010d zeblo, saj smo pridno grizli v breg. Zato smo si zaslu\u017eili tudi kratek po\u010ditek in okrep\u010dilo.<\/p>\n<p><img loading=\"lazy\" decoding=\"async\" class=\"aligncenter size-full wp-image-7070\" src=\"http:\/\/www.sola-poljane.si\/cs\/wp-content\/uploads\/2016\/06\/SD_8r_Blegos16_07.jpg\" alt=\"SD_8r_Blegos16_07\" width=\"800\" height=\"600\" \/><\/p>\n<p><img loading=\"lazy\" decoding=\"async\" class=\"aligncenter size-large wp-image-7065\" src=\"http:\/\/www.sola-poljane.si\/cs\/wp-content\/uploads\/2016\/06\/SD_8r_Blegos16_09.jpg\" alt=\"SD_8r_Blegos16_09\" width=\"600\" height=\"800\" \/><\/p>\n<p>Sledila je \u0161e ciljna &#8220;ravnina&#8221; in vrh je bil osvojen. \u010cas za obvezno skupinsko fotografijo za spomin. Vreme je \u017eal ponagajalo, da bi po\u010dakali \u0161e na drugo skupino, ki je nekoliko zaostala.<\/p>\n<p>Veter je prina\u0161al in odna\u0161al meglice, zato smo kar hitro nadaljevali pot.<\/p>\n<p><img loading=\"lazy\" decoding=\"async\" class=\"aligncenter size-large wp-image-7066\" src=\"http:\/\/www.sola-poljane.si\/cs\/wp-content\/uploads\/2016\/06\/SD_8r_Blegos16_11.jpg\" alt=\"SD_8r_Blegos16_11\" width=\"730\" height=\"548\" \/> <img loading=\"lazy\" decoding=\"async\" class=\"aligncenter size-large wp-image-7067\" src=\"http:\/\/www.sola-poljane.si\/cs\/wp-content\/uploads\/2016\/06\/SD_8r_Blegos16_12.jpg\" alt=\"SD_8r_Blegos16_12\" width=\"730\" height=\"548\" \/><\/p>\n<p>Spust proti ko\u010di je bil tako samo \u0161e &#8220;formalnost&#8221;, ki smo jo vsi opravili varno in brez po\u0161kodb, kljub nekoliko spolzkemu terenu.\u00a0 Najhitrej\u0161i so zasedli klopi in malica je zaslu\u017eeno poromala v \u017eelod\u010dke, spet drugi pa so \u0161e sestopali proti ko\u010di. Dru\u017eba, ki poletje pre\u017eivi na Blego\u0161u, je bila nad obiskovalci kar navdu\u0161ena. <img loading=\"lazy\" decoding=\"async\" class=\"aligncenter size-large wp-image-7068\" src=\"http:\/\/www.sola-poljane.si\/cs\/wp-content\/uploads\/2016\/06\/SD_8r_Blegos16_16.jpg\" alt=\"SD_8r_Blegos16_16\" width=\"730\" height=\"548\" \/><\/p>\n<p><img loading=\"lazy\" decoding=\"async\" class=\"aligncenter size-full wp-image-7071\" src=\"http:\/\/www.sola-poljane.si\/cs\/wp-content\/uploads\/2016\/06\/SD_8r_Blegos16_14.jpg\" alt=\"SD_8r_Blegos16_14\" width=\"800\" height=\"600\" \/><\/p>\n<p><img loading=\"lazy\" decoding=\"async\" class=\"aligncenter size-full wp-image-7072\" src=\"http:\/\/www.sola-poljane.si\/cs\/wp-content\/uploads\/2016\/06\/SD_8r_Blegos16_15.jpg\" alt=\"SD_8r_Blegos16_15\" width=\"800\" height=\"600\" \/><\/p>\n<p>Po okrep\u010dilu in po\u010ditku pa je bil \u010das za vrnitev v dolino. Vreme je zdr\u017ealo, mi pa tudi.<\/p>\n<p>Blego\u0161, se vidimo kmalu.<\/p>\n<p>&nbsp;<\/p>\n<p><img loading=\"lazy\" decoding=\"async\" class=\"aligncenter size-full wp-image-7074\" src=\"http:\/\/www.sola-poljane.si\/cs\/wp-content\/uploads\/2016\/06\/SD_8r_Blegos16_22.jpg\" alt=\"SD_8r_Blegos16_22\" width=\"800\" height=\"600\" \/><img loading=\"lazy\" decoding=\"async\" class=\"aligncenter size-full wp-image-7075\" src=\"http:\/\/www.sola-poljane.si\/cs\/wp-content\/uploads\/2016\/06\/SD_8r_Blegos16_23.jpg\" alt=\"SD_8r_Blegos16_23\" width=\"800\" height=\"600\" \/><\/p>\n<p><img loading=\"lazy\" decoding=\"async\" class=\"aligncenter size-full wp-image-7077\" src=\"http:\/\/www.sola-poljane.si\/cs\/wp-content\/uploads\/2016\/06\/SD_8r_Blegos16_26.jpg\" alt=\"SD_8r_Blegos16_26\" width=\"800\" height=\"600\" \/><\/p>\n","protected":false},"excerpt":{"rendered":"<p>8. junija smo se u\u010denci 8. razredov zjutraj odpravili proti [&hellip;]<\/p>\n","protected":false},"author":1973,"featured_media":0,"comment_status":"closed","ping_status":"open","sticky":false,"template":"","format":"standard","meta":{"ngg_post_thumbnail":0,"footnotes":""},"categories":[39,29,1],"tags":[],"class_list":["post-7063","post","type-post","status-publish","format-standard","hentry","category-3-triletje","category-dnevi-dejavnosti-3-triada","category-nerazvrsceno"],"_links":{"self":[{"href":"https:\/\/sola-poljane.splet.arnes.si\/index.php?rest_route=\/wp\/v2\/posts\/7063","targetHints":{"allow":["GET"]}}],"collection":[{"href":"https:\/\/sola-poljane.splet.arnes.si\/index.php?rest_route=\/wp\/v2\/posts"}],"about":[{"href":"https:\/\/sola-poljane.splet.arnes.si\/index.php?rest_route=\/wp\/v2\/types\/post"}],"author":[{"embeddable":true,"href":"https:\/\/sola-poljane.splet.arnes.si\/index.php?rest_route=\/wp\/v2\/users\/1973"}],"replies":[{"embeddable":true,"href":"https:\/\/sola-poljane.splet.arnes.si\/index.php?rest_route=%2Fwp%2Fv2%2Fcomments&post=7063"}],"version-history":[{"count":0,"href":"https:\/\/sola-poljane.splet.arnes.si\/index.php?rest_route=\/wp\/v2\/posts\/7063\/revisions"}],"wp:attachment":[{"href":"https:\/\/sola-poljane.splet.arnes.si\/index.php?rest_route=%2Fwp%2Fv2%2Fmedia&parent=7063"}],"wp:term":[{"taxonomy":"category","embeddable":true,"href":"https:\/\/sola-poljane.splet.arnes.si\/index.php?rest_route=%2Fwp%2Fv2%2Fcategories&post=7063"},{"taxonomy":"post_tag","embeddable":true,"href":"https:\/\/sola-poljane.splet.arnes.si\/index.php?rest_route=%2Fwp%2Fv2%2Ftags&post=7063"}],"curies":[{"name":"wp","href":"https:\/\/api.w.org\/{rel}","templated":true}]}}