{"id":7043,"date":"2016-06-11T08:39:47","date_gmt":"2016-06-11T07:39:47","guid":{"rendered":"http:\/\/www.sola-poljane.si\/cs\/?p=7043"},"modified":"2016-06-11T08:39:47","modified_gmt":"2016-06-11T07:39:47","slug":"srecanje-s-pisateljico-jano-bauer","status":"publish","type":"post","link":"https:\/\/sola-poljane.splet.arnes.si\/?p=7043","title":{"rendered":"Sre\u010danje s pisateljico Jano Bauer"},"content":{"rendered":"<p style=\"text-align: justify\">V \u010detrtek, 9. junija, je bil za u\u010dence 4. b razreda prav poseben dan. Obiskala nas je <strong><span style=\"color: #3366ff\">pisateljica Jana Bauer<\/span><\/strong>. Preko celega \u0161olskega leta sodelujemo v projektu <span style=\"color: #3366ff\">Na\u0161a mala knji\u017enica<\/span>, ki spodbuja branje knjig razli\u010dnih avtorjev. Med drugimi smo brali tudi zelo zanimivo knjigo Jane Bauer <span style=\"color: #ff6600\">Groznovilca<\/span> <span style=\"color: #ff6600\">v hudi hosti<\/span>. Pisateljica nam je povedala, da si je ime Groznovilca izmislil njen sin. Ker ji je bilo ime v\u0161e\u010d, si je izmislila zgodbo o Groznovilci in tik pred izidom je \u017ee njeno nadaljevanje. Pisateljica nam je pripravila kviz o Groznovilci, kjer smo se zelo izkazali. Poznali smo vse odgovore, tudi tiste na najbolj zapletena vpra\u0161anja. Ampak \u010de ti je knjiga v\u0161e\u010d, si zapomni\u0161 tudi podrobnosti.<br \/>\nKer beremo tudi njeno knjigo <span style=\"color: #ff6600\">V de\u017eeli medenjakov<\/span>, nam je predstavila, kako je knjiga nastala. V njej so zelo zanimive ilustracije, sestavljene iz fotografij medenjakov, ki jih je spekla pisatelji\u010dina mama.<\/p>\n<p style=\"text-align: justify\">V drugi uri pa smo tudi mi postali pisatelji. Izmislili smo si svojega junaka in o njem razvijali zgodbo. Pisateljici smo obljubili, da ji po\u0161ljemo nekaj najbolj\u0161ih zgodb. Kaj se ve, mogo\u010de v njih dobi navdih za novega junaka, o katerem bomo lahko brali v prihodnjih letih.<\/p>\n<p style=\"text-align: justify\">Spo\u0161tovana pisateljica Jana Bauer, najlep\u0161a hvala za prijetno do\u017eivetje!<\/p>\n<p style=\"text-align: justify\"><em><strong>Cilka \u010cibej<\/strong><\/em><\/p>\n<p style=\"text-align: justify\"><a href=\"http:\/\/www.sola-poljane.si\/cs\/wp-content\/uploads\/2016\/06\/P1120146.jpg\"><img loading=\"lazy\" decoding=\"async\" class=\"size-medium wp-image-7045 alignleft\" src=\"http:\/\/www.sola-poljane.si\/cs\/wp-content\/uploads\/2016\/06\/P1120146-300x200.jpg\" alt=\"P1120146\" width=\"300\" height=\"200\" \/><\/a><\/p>\n<p style=\"text-align: justify\"><a href=\"http:\/\/www.sola-poljane.si\/cs\/wp-content\/uploads\/2016\/06\/P1120148.jpg\"><img loading=\"lazy\" decoding=\"async\" class=\"alignleft size-medium wp-image-7046\" src=\"http:\/\/www.sola-poljane.si\/cs\/wp-content\/uploads\/2016\/06\/P1120148-300x200.jpg\" alt=\"P1120148\" width=\"300\" height=\"200\" \/><\/a><\/p>\n","protected":false},"excerpt":{"rendered":"<p>V \u010detrtek, 9. junija, je bil za u\u010dence 4. b [&hellip;]<\/p>\n","protected":false},"author":1973,"featured_media":0,"comment_status":"closed","ping_status":"open","sticky":false,"template":"","format":"standard","meta":{"ngg_post_thumbnail":0,"footnotes":""},"categories":[35,1,13],"tags":[],"class_list":["post-7043","post","type-post","status-publish","format-standard","hentry","category-2-triletje","category-nerazvrsceno","category-ostalo-2-triada"],"_links":{"self":[{"href":"https:\/\/sola-poljane.splet.arnes.si\/index.php?rest_route=\/wp\/v2\/posts\/7043","targetHints":{"allow":["GET"]}}],"collection":[{"href":"https:\/\/sola-poljane.splet.arnes.si\/index.php?rest_route=\/wp\/v2\/posts"}],"about":[{"href":"https:\/\/sola-poljane.splet.arnes.si\/index.php?rest_route=\/wp\/v2\/types\/post"}],"author":[{"embeddable":true,"href":"https:\/\/sola-poljane.splet.arnes.si\/index.php?rest_route=\/wp\/v2\/users\/1973"}],"replies":[{"embeddable":true,"href":"https:\/\/sola-poljane.splet.arnes.si\/index.php?rest_route=%2Fwp%2Fv2%2Fcomments&post=7043"}],"version-history":[{"count":0,"href":"https:\/\/sola-poljane.splet.arnes.si\/index.php?rest_route=\/wp\/v2\/posts\/7043\/revisions"}],"wp:attachment":[{"href":"https:\/\/sola-poljane.splet.arnes.si\/index.php?rest_route=%2Fwp%2Fv2%2Fmedia&parent=7043"}],"wp:term":[{"taxonomy":"category","embeddable":true,"href":"https:\/\/sola-poljane.splet.arnes.si\/index.php?rest_route=%2Fwp%2Fv2%2Fcategories&post=7043"},{"taxonomy":"post_tag","embeddable":true,"href":"https:\/\/sola-poljane.splet.arnes.si\/index.php?rest_route=%2Fwp%2Fv2%2Ftags&post=7043"}],"curies":[{"name":"wp","href":"https:\/\/api.w.org\/{rel}","templated":true}]}}