{"id":6748,"date":"2016-03-03T08:51:44","date_gmt":"2016-03-03T07:51:44","guid":{"rendered":"http:\/\/www.sola-poljane.si\/cs\/?p=6748"},"modified":"2016-03-03T08:51:44","modified_gmt":"2016-03-03T07:51:44","slug":"zimski-spotni-dan-za-9-razred-smucanje-in-pohod","status":"publish","type":"post","link":"https:\/\/sola-poljane.splet.arnes.si\/?p=6748","title":{"rendered":"Zimski \u0161portni dan za 9. razred \u2013 smu\u010danje in pohod"},"content":{"rendered":"<p style=\"text-align: justify\">V sredo, 24. februarja, smo po dolgem odla\u0161anju in \u010dakanju na ugodne razmere izvedli \u0161portni dan. Glede na vse okoli\u0161\u010dine smo se odlo\u010dili za smu\u010danje in za zimski pohod.<\/p>\n<p style=\"text-align: justify\"><strong><span style=\"color: #0000ff\">Smu\u010danje<\/span><\/strong> je potekalo na Starem vrhu. Po za\u010detnem ogrevanju in ponovitvi osnovnih FIS pravil smo za\u010deli s smu\u010danjem. Razmere so bile zjutraj zelo ugodne, kasneje so se zaradi visokih temperatur nekoliko poslab\u0161ale, zato smo toliko ve\u010d pozornosti namenili varnemu smu\u010danju. Malica je bila hitro za nami in \u017ee smo nadaljevali s smu\u010danjem po skupinah. U\u010denci so se izkazali z dobrim znanjem smu\u010danja, kar nas zelo veseli. Ker smo na\u010drtovali le dopoldansko smu\u010danje, je \u010das zelo hitro minil in \u017ee smo se odpravili nazaj v dolino.<\/p>\n<p style=\"text-align: justify\">Isto\u010dasno s smu\u010danjem je potekal tudi drugi del \u0161portnega dne, in sicer <strong><span style=\"color: #008000\">pohod<\/span><\/strong>. Cilj pohoda je bil Mladi vrh in potem proti Kopi in nazaj v Javorje. Tudi v tem primeru se je izkazalo, da je bil to kar naporen zimski pohod. Snega je bilo \u0161e veliko in kar po\u0161teno je bilo potrebno zagaziti v sneg, da so u\u010denci osvojili vrh. \u0160e vedno pa bi opozoril na primerno opremo. Kljub temu, da smo se pogovarjali, da so potrebne gama\u0161e, jih pohodnice in pohodniki niso uporabili. Po povratku v Javorje je sledila \u0161e kratka malica in nekaj zaslu\u017eenega po\u010ditka ter povratek v dolino.<\/p>\n<p style=\"text-align: justify\"><em><strong><span style=\"color: #000000\">Ale\u0161 Mrak<\/span><\/strong><\/em><\/p>\n<p style=\"text-align: justify\">ngg_shortcode_0_placeholder<\/p>\n","protected":false},"excerpt":{"rendered":"<p>V sredo, 24. februarja, smo po dolgem odla\u0161anju in \u010dakanju [&hellip;]<\/p>\n","protected":false},"author":1973,"featured_media":0,"comment_status":"closed","ping_status":"open","sticky":false,"template":"","format":"standard","meta":{"ngg_post_thumbnail":0,"footnotes":""},"categories":[39,29,1],"tags":[],"class_list":["post-6748","post","type-post","status-publish","format-standard","hentry","category-3-triletje","category-dnevi-dejavnosti-3-triada","category-nerazvrsceno"],"_links":{"self":[{"href":"https:\/\/sola-poljane.splet.arnes.si\/index.php?rest_route=\/wp\/v2\/posts\/6748","targetHints":{"allow":["GET"]}}],"collection":[{"href":"https:\/\/sola-poljane.splet.arnes.si\/index.php?rest_route=\/wp\/v2\/posts"}],"about":[{"href":"https:\/\/sola-poljane.splet.arnes.si\/index.php?rest_route=\/wp\/v2\/types\/post"}],"author":[{"embeddable":true,"href":"https:\/\/sola-poljane.splet.arnes.si\/index.php?rest_route=\/wp\/v2\/users\/1973"}],"replies":[{"embeddable":true,"href":"https:\/\/sola-poljane.splet.arnes.si\/index.php?rest_route=%2Fwp%2Fv2%2Fcomments&post=6748"}],"version-history":[{"count":0,"href":"https:\/\/sola-poljane.splet.arnes.si\/index.php?rest_route=\/wp\/v2\/posts\/6748\/revisions"}],"wp:attachment":[{"href":"https:\/\/sola-poljane.splet.arnes.si\/index.php?rest_route=%2Fwp%2Fv2%2Fmedia&parent=6748"}],"wp:term":[{"taxonomy":"category","embeddable":true,"href":"https:\/\/sola-poljane.splet.arnes.si\/index.php?rest_route=%2Fwp%2Fv2%2Fcategories&post=6748"},{"taxonomy":"post_tag","embeddable":true,"href":"https:\/\/sola-poljane.splet.arnes.si\/index.php?rest_route=%2Fwp%2Fv2%2Ftags&post=6748"}],"curies":[{"name":"wp","href":"https:\/\/api.w.org\/{rel}","templated":true}]}}