{"id":6681,"date":"2016-02-06T16:08:32","date_gmt":"2016-02-06T15:08:32","guid":{"rendered":"http:\/\/www.sola-poljane.si\/cs\/?p=6681"},"modified":"2016-02-06T16:08:32","modified_gmt":"2016-02-06T15:08:32","slug":"ucenci-1-triletja-v-kranju-na-razstavah-v-muzeju-in-za-gledaliskimi-kulisami","status":"publish","type":"post","link":"https:\/\/sola-poljane.splet.arnes.si\/?p=6681","title":{"rendered":"U\u010denci 1. triletja v Kranju na razstavah, v muzeju in za gledali\u0161kimi kulisami"},"content":{"rendered":"<p><em>Ida Semeni\u010d: <strong><span style=\"color: #ff6600\">Kaj je kultura?<\/span><\/strong><\/em><\/p>\n<h5><strong><em><span style=\"color: #008000\">Otrok mamo vpra\u0161a, kaj je to kultura, kdo se z njo pona\u0161a?<\/span><\/em><\/strong><br \/>\n<strong><em><span style=\"color: #008000\"> Le ta za\u010dudena obstane, saj resno jo vpra\u0161anje gane.<\/span><\/em><\/strong><br \/>\n<strong><em><span style=\"color: #008000\"> Skromno mu obrazlo\u017ei in takole odgovori: kultura nas sprejme, ko se rodimo, raste z nami, ko se igramo, hodimo v \u0161olo, v slu\u017ebo hitimo. <\/span><\/em><\/strong><br \/>\n<strong><em><span style=\"color: #008000\"> Ko smo veseli, z nami se smeje, ko \u017ealostni smo, nam du\u0161o ogreje, pesmi in knjige nam pi\u0161e, slike nari\u0161e, les obdeluje, kamen oblikuje, pravljice bere, solze izpere, se z lutkami igra, iz ekrana smehlja, naravo ohranja, stavbe vzdr\u017euje, staro z novim povezuje.<\/span><\/em><\/strong><br \/>\n<strong><em><span style=\"color: #008000\"> Prijazno z vsemi se rokuje, pre\u0161erno poje, lepo pozdravlja, ob odhodu se poslavlja, je na\u0161a zgodovina in domovina. <\/span><\/em><\/strong><br \/>\n<strong><em><span style=\"color: #008000\"> Od rojstva do smrti z nami \u017eivi, kultura sem jaz, si ti, smo mi vsi.<\/span><\/em><\/strong><\/h5>\n<p style=\"text-align: center\"><strong><span style=\"color: #ff6600\">*****<\/span><\/strong><\/p>\n<p style=\"text-align: justify\">Mesec februar, zaznamovan s kulturnim praznikom in kulturo nasploh, smo u\u010diteljice in u\u010denci 1. triletja O\u0160 Poljane in P\u0160 Javorje obogatili z obiskom <strong><span style=\"color: #ff6600\">Pre\u0161ernovega mesta Kranj.<\/span><\/strong><\/p>\n<p style=\"text-align: justify\">Najprej smo obiskali <span style=\"color: #0000ff\">Gorenjski muzej<\/span>, ki se pona\u0161a z mnogoterimi razstavami, zbirkami in muzejskimi delavnicami. Nekatere od teh smo pod vodstvom treh kustosinj spoznali tudi mi. Prvo\u0161olci so si ogledali <span style=\"color: #0000ff\">razstavo Prelepa Gorenjska v gradu Khislstein,<\/span> drugo\u0161olci <span style=\"color: #0000ff\">arheolo\u0161ko in etnolo\u0161ko razstavo v Mestni hi\u0161i<\/span>, tretje\u0161olci pa <span style=\"color: #0000ff\">Pre\u0161ernov spominski muzej<\/span> na Pre\u0161ernovi ulici, kjer je dr. France Pre\u0161eren pre\u017eivel zadnja leta svojega \u017eivljenja.<\/p>\n<p style=\"text-align: justify\">Po malici smo se odpravili na sprehod skozi <span style=\"color: #0000ff\">staro mestno jedro do Pungerta<\/span>, od tam pa v <span style=\"color: #0000ff\">Pre\u0161ernovo gledali\u0161\u010de,<\/span> kjer bi si morali ogledati predstavo Muca Copatarica. Tik pred jutranjim odhodom v Kranj smo izvedeli, da predstava odpade zaradi bolezni igralca. Toda kljub temu so nas zaposleni iz gledali\u0161\u010da prijazno povabili medse in nam pripravili prav posebno in zanimivo do\u017eivetje. Najprej smo izvedeli, kako predstava sploh nastane in kaj vse je potrebno postoriti, preden predstava za\u017eivi na odru. Nato pa smo stopili na \u010disto pravi oder in se sprehodili \u0161e po celotnem zaodrju oziroma zakulisju gledali\u0161\u010da. Pokukali smo v maskirnico, obrekovalnico (prostor, kjer igralci \u010dakajo na svojo vlogo v predstavi), sobo za branje in nazadnje v sobo, kjer je zbranih ne\u0161teto kostumov, oblek, \u010devljev in ostalih pripomo\u010dkov, ki jih igralci potrebujejo za svoje vloge v predstavah. Skratka odkrivali smo svet, ki nam ob obisku gledali\u0161ke predstave ostane zakrit.<\/p>\n<p style=\"text-align: justify\">Polni novih vtisov in do\u017eivetij smo ob odhodu spoznali, da nam Kranj poleg ve\u010dini dobro poznanih trgovskih centrov na obrobju mesta v svojem osr\u010dju \u2013 starem mestnem jedru\u00a0\u2013 ponuja mnogo ve\u010d. Predvsem tisto, \u010desar se ne da kupiti z denarjem \u2013 raziskovanje in do\u017eivljanje neizmernega bogastva kulturne dedi\u0161\u010dine ter negovanje in bogatenje lastnih kulturnih vrednot.<\/p>\n<p style=\"text-align: justify\"><strong><em>Alenka Jelov\u010dan <\/em><\/strong><\/p>\n<p style=\"text-align: justify\"><strong><span style=\"color: #ff6600\">1.<em>\u00a0<\/em>razred<\/span><\/strong><\/p>\n<p style=\"text-align: justify\">ngg_shortcode_0_placeholder<\/p>\n<p style=\"text-align: justify\"><strong><span style=\"color: #ff6600\">2. razred<\/span><\/strong><\/p>\n<p style=\"text-align: justify\">ngg_shortcode_1_placeholder<\/p>\n<p style=\"text-align: justify\"><strong><span style=\"color: #ff6600\">3. razred<\/span><\/strong><\/p>\n<p style=\"text-align: justify\">ngg_shortcode_2_placeholder<\/p>\n<p style=\"text-align: justify\">\n","protected":false},"excerpt":{"rendered":"<p>Ida Semeni\u010d: Kaj je kultura? Otrok mamo vpra\u0161a, kaj je [&hellip;]<\/p>\n","protected":false},"author":1973,"featured_media":0,"comment_status":"closed","ping_status":"open","sticky":false,"template":"","format":"standard","meta":{"ngg_post_thumbnail":0,"footnotes":""},"categories":[33,35,39,7,29,15,1],"tags":[],"class_list":["post-6681","post","type-post","status-publish","format-standard","hentry","category-1-triletje","category-2-triletje","category-3-triletje","category-dnevi-dejavnosti","category-dnevi-dejavnosti-3-triada","category-dnevi-dejavnosti-2-triada","category-nerazvrsceno"],"_links":{"self":[{"href":"https:\/\/sola-poljane.splet.arnes.si\/index.php?rest_route=\/wp\/v2\/posts\/6681","targetHints":{"allow":["GET"]}}],"collection":[{"href":"https:\/\/sola-poljane.splet.arnes.si\/index.php?rest_route=\/wp\/v2\/posts"}],"about":[{"href":"https:\/\/sola-poljane.splet.arnes.si\/index.php?rest_route=\/wp\/v2\/types\/post"}],"author":[{"embeddable":true,"href":"https:\/\/sola-poljane.splet.arnes.si\/index.php?rest_route=\/wp\/v2\/users\/1973"}],"replies":[{"embeddable":true,"href":"https:\/\/sola-poljane.splet.arnes.si\/index.php?rest_route=%2Fwp%2Fv2%2Fcomments&post=6681"}],"version-history":[{"count":0,"href":"https:\/\/sola-poljane.splet.arnes.si\/index.php?rest_route=\/wp\/v2\/posts\/6681\/revisions"}],"wp:attachment":[{"href":"https:\/\/sola-poljane.splet.arnes.si\/index.php?rest_route=%2Fwp%2Fv2%2Fmedia&parent=6681"}],"wp:term":[{"taxonomy":"category","embeddable":true,"href":"https:\/\/sola-poljane.splet.arnes.si\/index.php?rest_route=%2Fwp%2Fv2%2Fcategories&post=6681"},{"taxonomy":"post_tag","embeddable":true,"href":"https:\/\/sola-poljane.splet.arnes.si\/index.php?rest_route=%2Fwp%2Fv2%2Ftags&post=6681"}],"curies":[{"name":"wp","href":"https:\/\/api.w.org\/{rel}","templated":true}]}}