{"id":6607,"date":"2015-12-20T18:41:50","date_gmt":"2015-12-20T17:41:50","guid":{"rendered":"http:\/\/www.sola-poljane.si\/cs\/?p=6607"},"modified":"2015-12-20T18:41:50","modified_gmt":"2015-12-20T17:41:50","slug":"po-presernovih-stopinjah","status":"publish","type":"post","link":"https:\/\/sola-poljane.splet.arnes.si\/?p=6607","title":{"rendered":"Po Pre\u0161ernovih stopinjah"},"content":{"rendered":"<p style=\"text-align: justify\">Kdo je hiter, hitrej\u0161i, najhitrej\u0161i? Kdo je velik, ve\u010dji, najve\u010dji? Kateri so kriteriji, s katerimi razvr\u0161\u010damo hitrost, velikost, znanje? Seveda, ni te\u017eko \u2013 saj imamo ure, metre, to\u010dke \u2026 Kaj pa je lepo, izvirno, estetsko, umetni\u0161ko? O tem vsak sodi po svoje. Umetnik preko svojih del izra\u017ea svoja \u010dustva,\u00a0svoje dojemanje okolice, odnos do sveta.<br \/>\nVsak Slovenec naj bi vedel, zakaj Franceta Pre\u0161erna \u0161tejemo za najve\u010djega slovenskega pesnika. V to se osnovno\u0161olci bolj poglobijo v 8. razredu, nadaljujejo pa v 9. razredu.<br \/>\n\u017de vrsto let se na\u0161i deveto\u0161olci v decembru odpravijo po poteh, po katerih je \u017eivljenje vodilo Franceta Pre\u0161erna. Program <strong><span style=\"color: #ff6600\">\u201cPo Pre\u0161ernovih stopinjah\u201d<\/span><\/strong> jih vodi v tri slovenske kraje, ki so najbolj zaznamovali pesnikovo \u017eivljenje (Vrba, Kranj, Ljubljana). Spoznajo Pre\u0161ernovo \u017eivljenje in delo ter pomen za Slovence.<\/p>\n<p style=\"text-align: justify\">Letos so u\u010denci devetih razredov po Pre\u0161ernovih stopinjah stopali 15. decembra. Ve\u010dina jih je potarnala, da je bilo zelo hladno in da bi bilo bolje, \u010de bi se po Pre\u0161ernovih stopinjah odpravili jeseni, pomladi ali poleti.<\/p>\n<p style=\"text-align: justify\"><strong><span style=\"color: #0000ff\">Kaj pa se jih je dotaknilo v zvezi s Pre\u0161ernom, kaj si bodo zapomnili?<\/span><\/strong><\/p>\n<p style=\"text-align: justify\"><a href=\"http:\/\/www.sola-poljane.si\/cs\/wp-content\/uploads\/2015\/12\/Spomenik-v-Ljubljani.jpg\"><img loading=\"lazy\" decoding=\"async\" class=\" wp-image-6608 alignleft\" src=\"http:\/\/www.sola-poljane.si\/cs\/wp-content\/uploads\/2015\/12\/Spomenik-v-Ljubljani-225x300.jpg\" alt=\"Spomenik v Ljubljani\" width=\"121\" height=\"162\" \/><\/a>Imenitna se mi zdi zamisel, da so Pre\u0161ernov kip na Pre\u0161ernovem trgu postavili tako, da gleda proti Juliji. \u017dalostno je, kako se je Pre\u0161ernov prijatelj Matija \u010cop utopil v Savi. <strong><em>Tina Brade\u0161ko<\/em><\/strong><\/p>\n<p style=\"text-align: justify\">Na Vodnikovem trgu je bila v\u010dasih \u0161ola, kjer je bil Valentin Vodnik u\u010ditelj. <em><strong>Karmen Poto\u010dnik<\/strong><\/em><\/p>\n<p style=\"text-align: justify\">V\u0161e\u010d mi je bila vodi\u010dka, saj je vse govorila na pamet. V Pre\u0161ernovi rojstni hi\u0161i smo videli veliko starih predmetov. Za nekatere sem sli\u0161ala prvi\u010d. <em><strong>Barbara Jesenovec<\/strong><\/em><\/p>\n<p style=\"text-align: justify\">Izvedela sem veliko novega o Pre\u0161ernu, npr. kako je nastal Pre\u0161ernov spomenik v Ljubljani, ki ga je izdelal Ivan Zajec, odkrili pa so ga leta 1905. <strong><em>Tea Stanonik<\/em><\/strong><\/p>\n<p style=\"text-align: justify\">Njegova rojstna hi\u0161a se je v\u010dasih imenovala Pri Ribi\u010du. Notranjost je lepa, v njej pa so zelo majhne postelje. <strong><em>Ale\u0161 Buh<\/em><\/strong><\/p>\n<p style=\"text-align: justify\"><a href=\"http:\/\/www.sola-poljane.si\/cs\/wp-content\/uploads\/2015\/12\/rojstna-hi\u0161a.jpg\"><img loading=\"lazy\" decoding=\"async\" class=\" wp-image-6609 alignright\" src=\"http:\/\/www.sola-poljane.si\/cs\/wp-content\/uploads\/2015\/12\/rojstna-hi\u0161a-300x200.jpg\" alt=\"rojstna hi\u0161a\" width=\"168\" height=\"112\" \/><\/a><\/p>\n<p style=\"text-align: justify\">V Trnovem smo videli cerkev, v kateri je Pre\u0161eren spoznal Julijo. Sprehodili smo se mimo NUK-a, kjer hranijo prvo izdajo Pre\u0161ernovih Poezij. <strong><em>Urban Drlink<\/em><\/strong><\/p>\n<p style=\"text-align: justify\">V Ljubljani sem izvedel veliko o Valentinu Vodniku. V Kranju sem videl, da imajo kitice Zdravljice v vseh jezikih obliko \u010da\u0161e. <strong><em>Alja\u017e Rakovec<\/em><\/strong><\/p>\n<p style=\"text-align: justify\">Prej nisem vedel, da je Pre\u0161eren imel toliko bratov in sester, in da sta mu zelo mlada umrla dva otroka. <strong><em>Miha Dolenec<\/em><\/strong><\/p>\n<p style=\"text-align: justify\">V Pre\u0161ernovi rojstni hi\u0161i so zelo majhni prostori in tudi \u010drna kuhinja. <strong><em>Polona Kr\u017ei\u0161nik<\/em><\/strong><\/p>\n<p style=\"text-align: justify\">Kulturni dan smo za\u010deli v Ljubljani na Pre\u0161ernovem trgu, obiskali smo Wolfovo ulico, Vodnikov trg, Trnovo, Breg \u2026 Najbolj v\u0161e\u010d mi je bila Pre\u0161ernova rojstna hi\u0161a v Vrbi. <strong><em>Sabina Poto\u010dnik<\/em><\/strong><\/p>\n<p style=\"text-align: left\"><a href=\"http:\/\/www.sola-poljane.si\/cs\/wp-content\/uploads\/2015\/12\/Spomenik-v-Kranju.jpg\"><img loading=\"lazy\" decoding=\"async\" class=\" wp-image-6610 alignleft\" src=\"http:\/\/www.sola-poljane.si\/cs\/wp-content\/uploads\/2015\/12\/Spomenik-v-Kranju-191x300.jpg\" alt=\"Spomenik v Kranju\" width=\"94\" height=\"148\" \/><\/a><\/p>\n<p style=\"text-align: justify\">Bilo je kar hladno, a smo se ogreli, saj smo veliko prehodili. Najbolj v\u0161e\u010d mi je bilo v Vrbi, kjer smo poleg Pre\u0161ernove rojstne hi\u0161e videli tudi staro va\u0161ko lipo, okrog nje pa 12 kamnov, ki so predstavljali 12 kmetov. <em><strong>Anja \u0160ubic<\/strong><\/em><\/p>\n<p style=\"text-align: justify\">V Vrbi smo videli, kak\u0161no je bilo \u017eivljenje v Pre\u0161ernovem \u010dasu. V Kranju se mi je zdelo ironi\u010dno, da je Pre\u0161eren svojo odvetni\u0161ko pisarno dobil \u0161ele malo pred smrtjo. V Ljubljani sem izvedela, kako so se \u017ee v mladosti prepletala \u017eivljenja Ane, Julije in Pre\u0161erna \u2013 takrat se \u0161e niso zavedali, kaj vse se bo kasneje zgodilo. Presenetilo me je, da je bilo Pre\u0161ernovo \u017eivljenje nesre\u010dno, da so mu umirali prijatelji \u2026 Verjetno je ravno zato napisal svoja najpomembnej\u0161a dela, ki Slovencem veliko pomenijo. <strong><em>Meta Perko Balon<\/em><\/strong><\/p>\n<p style=\"text-align: justify\">V Vrbi smo \u0161li v Pre\u0161ernovo rojstno hi\u0161o in zanimivo se mi je zdelo, da so bila vrata narejena za mojo velikost. V Kranju mi je bil najbolj v\u0161e\u010d pesnikov kip. Izvedela sem tudi, da je Pre\u0161eren zaradi nesre\u010dnega \u017eivljenja veliko pil.<em>\u00a0\u00a0 <strong>Jerca Stanonik<\/strong><\/em><\/p>\n<p style=\"text-align: justify\">\u0160koda, da nismo \u0161li do cerkve sv. Marka v Vrbi, vendar pot vodi mimo soseda, ki ne dovoli prehoda. <em><strong>Nik Re\u0161ek<\/strong><\/em><\/p>\n<p style=\"text-align: justify\">Velikokrat hodim po Ljubljani, vendar za skoraj nobeno stvar, ki smo jo videli, \u0161e nisem sli\u0161ala. Tako smo si \u0161irili obzorja. Bilo je pou\u010dno, saj nisem vedela, kako so v\u010dasih \u017eiveli, kak\u0161ne hi\u0161e so imeli in kak\u0161ni so bili odnosi med dru\u017einskimi \u010dlani. <strong><em>Ema Primo\u017ei\u010d<\/em><\/strong><\/p>\n<p style=\"text-align: justify\">Izvedeli smo veliko novega o Pre\u0161ernu. Najbolj si bom zapomnila Vrbo, saj smo tam videli, kako so v\u010dasih \u017eiveli, kje so spali, kaj je \u010drna kuhinja, kak\u0161ne pripomo\u010dke so uporabljali. <em><strong>Kaja Klemen\u010di\u010d<\/strong><\/em><\/p>\n<p style=\"text-align: justify\">V Kranju je bilo zelo zanimivo, ker sem videla Pre\u0161ernovo spri\u010devalo, diplomsko nalogo z njegovim rokopisom ter posteljnino, na kateri je umrl. \u0160koda, da za ogled Pre\u0161ernovega kipa nismo imeli dovolj \u010dasa. <em><strong>Katarina Pratlja\u010di\u0107<\/strong><\/em><\/p>\n<p style=\"text-align: justify\">V Pre\u0161ernovi rojstni hi\u0161i so bili zanimivi originalni predmeti iz Pre\u0161ernovega \u017eivljenja. V spominu mi je ostala \u010drna kuhinja in njen vonj, ki je bil res tak\u0161en kot v\u010dasih. Izvedela sem marsikaj o njegovih star\u0161ih, v Ljubljani pa o Juliji, Zali in Pre\u0161ernovih prijateljih. V Kranju bi lahko pre\u017eiveli malo ve\u010d \u010dasa. <strong><em>Lea Poto\u010dnik<\/em><\/strong><\/p>\n<p style=\"text-align: justify\">Ni mi bilo preve\u010d v\u0161e\u010d, da smo morali re\u0161evati u\u010dne liste, namesto da bi gledali okolico. Zanimivo se mi zdi, da je bil Pre\u0161eren zelo majhen. <em><strong>Tilen Osredkar<\/strong><\/em><\/p>\n<p style=\"text-align: justify\">\u00a0V Ljubljani smo si ogledali Pre\u0161ernove sledi, ki jih je tam zapustil. V Kranju smo si poleg kipa in hi\u0161e, kjer je bival, ogledali \u0161e Pre\u0161ernov grob v Pre\u0161ernovem gaju.\u00a0<em><strong>Sabina Bohinc<\/strong><\/em><\/p>\n<p style=\"text-align: justify\"><a href=\"http:\/\/www.sola-poljane.si\/cs\/wp-content\/uploads\/2015\/12\/20151215_123207.jpg\"><img loading=\"lazy\" decoding=\"async\" class=\"wp-image-6617 alignleft\" src=\"http:\/\/www.sola-poljane.si\/cs\/wp-content\/uploads\/2015\/12\/20151215_123207-300x169.jpg\" alt=\"20151215_123207\" width=\"382\" height=\"215\" \/><\/a><\/p>\n<p style=\"text-align: justify\">\n<p style=\"text-align: justify\"><a href=\"http:\/\/www.sola-poljane.si\/cs\/wp-content\/uploads\/2015\/12\/20151215_123238.jpg\"><img loading=\"lazy\" decoding=\"async\" class=\"aligncenter  wp-image-6618\" src=\"http:\/\/www.sola-poljane.si\/cs\/wp-content\/uploads\/2015\/12\/20151215_123238-300x169.jpg\" alt=\"20151215_123238\" width=\"362\" height=\"204\" \/><\/a><\/p>\n","protected":false},"excerpt":{"rendered":"<p>Kdo je hiter, hitrej\u0161i, najhitrej\u0161i? Kdo je velik, ve\u010dji, najve\u010dji? [&hellip;]<\/p>\n","protected":false},"author":1973,"featured_media":0,"comment_status":"closed","ping_status":"open","sticky":false,"template":"","format":"standard","meta":{"ngg_post_thumbnail":0,"footnotes":""},"categories":[39,29,1],"tags":[],"class_list":["post-6607","post","type-post","status-publish","format-standard","hentry","category-3-triletje","category-dnevi-dejavnosti-3-triada","category-nerazvrsceno"],"_links":{"self":[{"href":"https:\/\/sola-poljane.splet.arnes.si\/index.php?rest_route=\/wp\/v2\/posts\/6607","targetHints":{"allow":["GET"]}}],"collection":[{"href":"https:\/\/sola-poljane.splet.arnes.si\/index.php?rest_route=\/wp\/v2\/posts"}],"about":[{"href":"https:\/\/sola-poljane.splet.arnes.si\/index.php?rest_route=\/wp\/v2\/types\/post"}],"author":[{"embeddable":true,"href":"https:\/\/sola-poljane.splet.arnes.si\/index.php?rest_route=\/wp\/v2\/users\/1973"}],"replies":[{"embeddable":true,"href":"https:\/\/sola-poljane.splet.arnes.si\/index.php?rest_route=%2Fwp%2Fv2%2Fcomments&post=6607"}],"version-history":[{"count":0,"href":"https:\/\/sola-poljane.splet.arnes.si\/index.php?rest_route=\/wp\/v2\/posts\/6607\/revisions"}],"wp:attachment":[{"href":"https:\/\/sola-poljane.splet.arnes.si\/index.php?rest_route=%2Fwp%2Fv2%2Fmedia&parent=6607"}],"wp:term":[{"taxonomy":"category","embeddable":true,"href":"https:\/\/sola-poljane.splet.arnes.si\/index.php?rest_route=%2Fwp%2Fv2%2Fcategories&post=6607"},{"taxonomy":"post_tag","embeddable":true,"href":"https:\/\/sola-poljane.splet.arnes.si\/index.php?rest_route=%2Fwp%2Fv2%2Ftags&post=6607"}],"curies":[{"name":"wp","href":"https:\/\/api.w.org\/{rel}","templated":true}]}}