{"id":55836,"date":"2026-09-01T20:36:20","date_gmt":"2026-09-01T18:36:20","guid":{"rendered":"https:\/\/sola-poljane.splet.arnes.si\/?p=55836"},"modified":"2026-09-01T21:21:24","modified_gmt":"2026-09-01T19:21:24","slug":"prvi-solski-dan-novo-poglavje-za-vse-predvsem-pa-za-prvosolce","status":"publish","type":"post","link":"https:\/\/sola-poljane.splet.arnes.si\/?p=55836","title":{"rendered":"Prvi \u0161olski dan \u2013 novo poglavje za vse, predvsem pa za prvo\u0161olce"},"content":{"rendered":"<p style=\"text-align: justify\">Pogled na prostor pred vhodom v poljansko \u0161olo je \u017ee zjutraj razkril, da je nastopil 1. september \u2013 prvi \u0161olski dan. U\u010denke in u\u010denci so se po\u010dasi zbirali, se razveselili sre\u010danj s so\u0161olci in prijatelji, ki jih v \u010dasu po\u010ditnic niso prav pogosto sre\u010devali, nekateri so malo ob\u017ealovali, da so se po\u010ditnice \u017ee iztekle; vsi skupaj pa so v spremstvu razrednikov ponovno zavzeli \u0161olsko stavbo, hodnike in u\u010dilnice. Po nekaj dneh bodo po\u010ditnice prekrasen spomin, \u0161ola pa ustaljeno pre\u017eivljanje dopoldnevov med tednom.&nbsp;<\/p>\n<p>&nbsp;<\/p>\nngg_shortcode_0_placeholder\n<h3>&nbsp;<\/h3>\n<h3 style=\"text-align: center\"><span style=\"color: #3366ff\"><strong>V JAVORJAH OSEM PRVO\u0160OLCEV, V POLJANAH ENAINTRIDESET<\/strong><\/span><\/h3>\n<h4>&nbsp;<\/h4>\n<h4 style=\"text-align: center\"><strong><span style=\"color: #ff6600\">Prvo\u0161olci v Podru\u017eni\u010dni \u0161oli Javorje<\/span><\/strong><\/h4>\n<p style=\"text-align: justify\">Najmlaj\u0161i javorski u\u010denci in u\u010denke so bili najprej dele\u017eni sprejema v telovadnici, kjer so jih pozdravili <span style=\"color: #0000ff\">ravnatelj<\/span>, <span style=\"color: #0000ff\">\u017eupan<\/span>, <span style=\"color: #0000ff\">pod\u017eupan<\/span>, <span style=\"color: #0000ff\">policista<\/span>, <span style=\"color: #0000ff\">ku\u017ea Pazi<\/span> ter <span style=\"color: #0000ff\">u\u010denci 3. in 4. razreda<\/span>, ki so jim zaigrali predstavo o medvedku, ki ni znal brati. Nato pa so prvi \u0161olski dan nadaljevali v u\u010dilnici.<\/p>\n<p><em><strong>Maja Kokalj<\/strong><\/em><\/p>\n<p>&nbsp;<\/p>\nngg_shortcode_1_placeholder\n<h4>&nbsp;<\/h4>\n<h4 style=\"text-align: center\"><span style=\"color: #ff6600\"><strong>Prvi \u0161olski dan poljanski prvo\u0161olci zakorakali skozi \u010darobni obro\u010d<\/strong><\/span><\/h4>\n<p style=\"text-align: justify\">Prvi \u0161olski dan je prav poseben dan. Poln je pri\u010dakovanj, radovednih pogledov, novih obrazov in drobnih metulj\u010dkov v trebuhu. Tako je bilo tudi letos v Poljanah, kjer so na\u0161i prvo\u0161olci prvi\u010d pogumno prestopili \u0161olski prag.<\/p>\n<p style=\"text-align: justify\">Najprej so v svojih novih u\u010dilnicah odlo\u017eili \u0161olske torbe, nato pa se skupaj s star\u0161i odpravili v telovadnico, kjer je potekal slovesni sprejem prvo\u0161olcev. Tam so jih \u017ee pri\u010dakali <span style=\"color: #0000ff\">u\u010denci 3. razredov<\/span>, ki so jim v dobrodo\u0161lico zapeli pesem in tako poskrbeli za prijeten glasbeni uvod v njihov prvi \u0161olski dan.<br \/>\nZbrane je s toplimi in spodbudnimi besedami pozdravila u\u010diteljica \u017diva Bogataj. Prvo\u0161olcem in njihovim star\u0161em sta dobrodo\u0161lico izrekla tudi <span style=\"color: #0000ff\">ravnatelj Toma\u017e Lang<\/span> in <span style=\"color: #0000ff\">\u017eupan Milan \u010cade\u017e<\/span>. Da bo pot v \u0161olo vsak dan tudi varna, pa je za nekaj pomembnih napotkov o cestnoprometnih pravilih in varnosti poskrbel <span style=\"color: #0000ff\">Bo\u0161tjan Peternelj<\/span>.<br \/>\nNato sta med prvo\u0161olce prav posebno dobrodo\u0161lico prinesli \u0161e <span style=\"color: #0000ff\">rde\u010da in modra barvic<\/span>a. Hitro sta ugotovili, da sami ne moreta narisati prav vsega, kar si zamislita. Za res lepo, pisano in zanimivo sliko namre\u010d potrebujemo veliko razli\u010dnih barv. Na pomo\u010d so jima prisko\u010dile \u0161e druge \u00bbbarvice\u00ab, ki so jih predstavljali u\u010denci. Skupaj so pokazali, da je tudi v \u0161oli tako \u2013 vsak je nekaj posebnega, vsak prinese svojo barvo, svoje ideje in svoje talente, skupaj pa lahko ustvarimo \u010dudovito in pisano \u0161olsko zgodbo.<br \/>\nA to \u0161e ni bilo vse! Prvo\u0161olce je \u010dakalo prav posebno presene\u010denje. Obiskal jih je <span style=\"color: #0000ff\">ku\u017ea Pazi<\/span>, ki je s svojim prihodom na otro\u0161ke obraze narisal \u0161tevilne nasmehe. Spomnil jih je, kako pomembno je, da so v prometu previdni, da upo\u0161tevajo prometna pravila in pridno nosijo rumene rutice. Nato jih je pospremil vse do njihovih u\u010dilnic.<\/p>\n<p style=\"text-align: justify\">V 1. a razredu sta prvo\u0161olce sprejeli u\u010diteljici Lea Kos in Darinka Bertoncelj, v 1. b pa \u017diva Bogataj in Tina Mlinar Rozinger.<br \/>\nV u\u010dilnicah se je nato za\u010delo pravo prvo\u0161olsko do\u017eivetje. Otroci so se najprej med seboj spoznali ob zabavni socialni igri. Prejeli so svoje rumene rutice, nato pa jih je \u010dakala prav posebna naloga \u2013 skok skozi \u010darobni obro\u010d. Ko so stopili skozenj, dvoma ni bilo ve\u010d: postali so \u010disto pravi prvo\u0161olci!<br \/>\nPo tako pomembnem koraku se je prilegel tudi sladek trenutek. Posladkali so se s \u010dokoladnim je\u017ekom in jabolkom ter si nabrali novih mo\u010di. Nato so se udobno namestili in prisluhnili zgodbi o medvedki in njenem o\u010detu, ki sta prav tako do\u017eivljala prvi \u0161olski dan.<br \/>\nZa konec so prvo\u0161olci prijeli v roke \u0161e barvice. Vsak je narisal sebe ter se ob risbico tudi podpisal. Tako je nastal prvi prav poseben spomin na za\u010detek njihove \u0161olske poti.<\/p>\n<p style=\"text-align: justify\">Prvi \u0161olski dan je hitro minil, a verjamemo, da bo ostal v lepem spominu tako otrokom kot njihovim star\u0161em. Pred na\u0161imi prvo\u0161olci je zdaj celo leto novih prijateljstev, znanja, igre, ustvarjanja, raziskovanja in \u0161tevilnih dogodiv\u0161\u010din.<\/p>\n<p style=\"text-align: justify\"><span style=\"color: #3366ff\">Dragi prvo\u0161olci, dobrodo\u0161li med \u0161olarji! Naj bo va\u0161 korak po \u0161olskih poteh pogumen, radoveden in nasmejan \u2013 va\u0161a skupna \u0161olska slika pa \u010dim bolj pisana.<\/span><\/p>\n<p style=\"text-align: justify\"><em><strong>Tina Mlinar Rozinger<\/strong><\/em><\/p>\n<p>&nbsp;<\/p>\n<p>ngg_shortcode_2_placeholderngg_shortcode_3_placeholder<\/p>\n","protected":false},"excerpt":{"rendered":"<p>Pogled na prostor pred vhodom v poljansko \u0161olo je \u017ee [&hellip;]<\/p>\n","protected":false},"author":56163,"featured_media":55865,"comment_status":"closed","ping_status":"open","sticky":false,"template":"","format":"standard","meta":{"ngg_post_thumbnail":0,"footnotes":""},"categories":[55],"tags":[],"class_list":["post-55836","post","type-post","status-publish","format-standard","has-post-thumbnail","hentry","category-dogajanje"],"_links":{"self":[{"href":"https:\/\/sola-poljane.splet.arnes.si\/index.php?rest_route=\/wp\/v2\/posts\/55836","targetHints":{"allow":["GET"]}}],"collection":[{"href":"https:\/\/sola-poljane.splet.arnes.si\/index.php?rest_route=\/wp\/v2\/posts"}],"about":[{"href":"https:\/\/sola-poljane.splet.arnes.si\/index.php?rest_route=\/wp\/v2\/types\/post"}],"author":[{"embeddable":true,"href":"https:\/\/sola-poljane.splet.arnes.si\/index.php?rest_route=\/wp\/v2\/users\/56163"}],"replies":[{"embeddable":true,"href":"https:\/\/sola-poljane.splet.arnes.si\/index.php?rest_route=%2Fwp%2Fv2%2Fcomments&post=55836"}],"version-history":[{"count":9,"href":"https:\/\/sola-poljane.splet.arnes.si\/index.php?rest_route=\/wp\/v2\/posts\/55836\/revisions"}],"predecessor-version":[{"id":55881,"href":"https:\/\/sola-poljane.splet.arnes.si\/index.php?rest_route=\/wp\/v2\/posts\/55836\/revisions\/55881"}],"wp:featuredmedia":[{"embeddable":true,"href":"https:\/\/sola-poljane.splet.arnes.si\/index.php?rest_route=\/wp\/v2\/media\/55865"}],"wp:attachment":[{"href":"https:\/\/sola-poljane.splet.arnes.si\/index.php?rest_route=%2Fwp%2Fv2%2Fmedia&parent=55836"}],"wp:term":[{"taxonomy":"category","embeddable":true,"href":"https:\/\/sola-poljane.splet.arnes.si\/index.php?rest_route=%2Fwp%2Fv2%2Fcategories&post=55836"},{"taxonomy":"post_tag","embeddable":true,"href":"https:\/\/sola-poljane.splet.arnes.si\/index.php?rest_route=%2Fwp%2Fv2%2Ftags&post=55836"}],"curies":[{"name":"wp","href":"https:\/\/api.w.org\/{rel}","templated":true}]}}