{"id":537,"date":"2011-01-03T10:00:35","date_gmt":"2011-01-03T09:00:35","guid":{"rendered":"http:\/\/www.sola-poljane.si\/cs\/?p=537"},"modified":"2011-01-03T10:00:35","modified_gmt":"2011-01-03T09:00:35","slug":"delovanje-solskega-sklada-v-letu-2010","status":"publish","type":"post","link":"https:\/\/sola-poljane.splet.arnes.si\/?p=537","title":{"rendered":"Delovanje \u0161olskega sklada v letu 2010"},"content":{"rendered":"<p>V letu 2010, ki se po\u010dasi a nezadr\u017eno poslavlja, smo uspe\u0161no izpeljali kar nekaj akcij z namenom pridobivanja sredstev za \u0161olski sklad.<\/p>\n<p>Ob zaklju\u010dku \u0161olskega leta 2009\/10 je v okviru zaklju\u010dne prireditve v O\u0160 Poljane potekal dobrodelni bazar. U\u010denci so \u017ee nekaj tednov prej pod mentorstvom u\u010diteljic marljivo izdelovali, slikali, ustvarjali in nastali so res lepi izdelki za prodajo. Bazar je potekal v telovadnici dne 23. junija 2010 in sredstva \u0161olskega sklada so se pove\u010dala za 437,70 EUR.<\/p>\n<p>U\u010denci podru\u017eni\u010dne \u0161ole Javorje so skupaj z u\u010diteljicami \u017ee v novembru pri\u010deli s pripravami na Miklav\u017eev sejem, ki so ga uspe\u0161no izpeljali 5. 12. 2010 v Javorjah. Na stojnicah so ponudili kopico prekrasnih izdelkov, ki so \u00bb\u0161li za med\u00ab. Od zbranih sredstev so v \u0161olski sklad namenili 617,60 EUR.<\/p>\n<p>19. decembra 2010 je bila v telovadnici O\u0160 Poljane vsakoletna prednovoletna prireditev \u00bbJerbas doma\u010dih\u00ab. Po kon\u010dani prireditvi je voditeljica Sa\u0161a Pivk Avsec potrkala na srca vseh udele\u017eencev koncerta z besedami: pri\u017egimo iskrico v o\u010deh in prispevajmo za na\u0161e otroke v \u0161olski sklad O\u0160 Poljane. V \u00bbjerbasih\u00ab ob izhodu iz dvorane je bilo zbrano za 300,40 EUR prostovoljnih prispevkov za \u0161olski sklad.<\/p>\n<p>Hvala vsem, ki se s svojimi dejanji kakorkoli pomagali pri\u017egati iskrice v o\u010deh na\u0161ih otrok. Hvala vsem, ki iskrico pri\u017egete z nakazilom v \u0161olski sklad. Upam, da bomo tudi v prihajajo\u010dem letu toliko ali \u0161e bolj uspe\u0161ni pri pridobivanju sredstev.<\/p>\n<p>Lepo povabljeni vsi, ki ste se zna\u0161li v stiski, da nam to sporo\u010dite in zaprosite za pomo\u010d, saj smo se trudili prav za vas in va\u0161e otroke.<em> <\/em><\/p>\n<figure id=\"attachment_539\" aria-describedby=\"caption-attachment-539\" style=\"width: 189px\" class=\"wp-caption alignright\"><em><em><a href=\"http:\/\/www.sola-poljane.si\/cs\/wp-content\/uploads\/2010\/12\/voscilo_sklad_2010.jpg\"><img loading=\"lazy\" decoding=\"async\" class=\"size-full wp-image-539 \" title=\"Lepe praznike in vse dobro v letu 2011\" src=\"http:\/\/www.sola-poljane.si\/cs\/wp-content\/uploads\/2010\/12\/voscilo_sklad_2010.jpg\" alt=\"\" width=\"189\" height=\"269\" \/><\/a><\/em><\/em><figcaption id=\"caption-attachment-539\" class=\"wp-caption-text\">Lepe praznike in vse dobro v letu 2011<\/figcaption><\/figure>\n<p><em>\u00a0<\/em><\/p>\n<p>***************************<\/p>\n<p><em>Toplo ognji\u0161\u010de in smeh v o\u010deh<\/em><\/p>\n<p><em>iskreno \u017eelimo vam v prazni\u010dnih dneh.<\/em><\/p>\n<p><em>Da zdravja in sre\u010dnih trenutkov ne\u0161teto<\/em><\/p>\n<p><em>v obilju nasulo bi vam novo leto.<\/em><\/p>\n<p><em>Lepe bo\u017ei\u010dne praznike in vse dobro v letu 2011<\/em><\/p>\n<p><em>vam \u017eeli upravni odbor \u0161olskega sklada O\u0160 Poljane.<\/em><\/p>\n<p><em>Predsednica Majda Toma\u017ein<\/em><\/p>\n","protected":false},"excerpt":{"rendered":"<p>V letu 2010, ki se po\u010dasi a nezadr\u017eno poslavlja, smo [&hellip;]<\/p>\n","protected":false},"author":1973,"featured_media":0,"comment_status":"closed","ping_status":"closed","sticky":false,"template":"","format":"standard","meta":{"ngg_post_thumbnail":0,"footnotes":""},"categories":[9,1,23],"tags":[],"class_list":["post-537","post","type-post","status-publish","format-standard","hentry","category-nekategorizirano","category-nerazvrsceno","category-ostale-kategorije"],"_links":{"self":[{"href":"https:\/\/sola-poljane.splet.arnes.si\/index.php?rest_route=\/wp\/v2\/posts\/537","targetHints":{"allow":["GET"]}}],"collection":[{"href":"https:\/\/sola-poljane.splet.arnes.si\/index.php?rest_route=\/wp\/v2\/posts"}],"about":[{"href":"https:\/\/sola-poljane.splet.arnes.si\/index.php?rest_route=\/wp\/v2\/types\/post"}],"author":[{"embeddable":true,"href":"https:\/\/sola-poljane.splet.arnes.si\/index.php?rest_route=\/wp\/v2\/users\/1973"}],"replies":[{"embeddable":true,"href":"https:\/\/sola-poljane.splet.arnes.si\/index.php?rest_route=%2Fwp%2Fv2%2Fcomments&post=537"}],"version-history":[{"count":0,"href":"https:\/\/sola-poljane.splet.arnes.si\/index.php?rest_route=\/wp\/v2\/posts\/537\/revisions"}],"wp:attachment":[{"href":"https:\/\/sola-poljane.splet.arnes.si\/index.php?rest_route=%2Fwp%2Fv2%2Fmedia&parent=537"}],"wp:term":[{"taxonomy":"category","embeddable":true,"href":"https:\/\/sola-poljane.splet.arnes.si\/index.php?rest_route=%2Fwp%2Fv2%2Fcategories&post=537"},{"taxonomy":"post_tag","embeddable":true,"href":"https:\/\/sola-poljane.splet.arnes.si\/index.php?rest_route=%2Fwp%2Fv2%2Ftags&post=537"}],"curies":[{"name":"wp","href":"https:\/\/api.w.org\/{rel}","templated":true}]}}