{"id":52588,"date":"2026-03-13T22:33:09","date_gmt":"2026-03-13T21:33:09","guid":{"rendered":"https:\/\/sola-poljane.splet.arnes.si\/?p=52588"},"modified":"2026-03-13T22:33:09","modified_gmt":"2026-03-13T21:33:09","slug":"shema-sadja-in-zelenjave","status":"publish","type":"post","link":"https:\/\/sola-poljane.splet.arnes.si\/?p=52588","title":{"rendered":"Shema sadja in zelenjave"},"content":{"rendered":"<p style=\"text-align: justify\">\u0160olska shema je <strong>ukrep skupne kmetijske politike EU<\/strong>, ki otrokom v osnovni \u0161oli in zavodih za vzgojo in izobra\u017eevanje otrok in mladostnikov s posebnimi potrebami zagotavlja <strong>brezpla\u010den <\/strong>dodatni obrok sadja in zelenjave ter mleka in mle\u010dnih izdelkov.<\/p>\n<p style=\"text-align: justify\"><strong>Namen \u0161olske sheme je pove\u010dati u\u017eivanje sadja in zelenjave<\/strong> <strong>s poudarkom na lokalni pridelavi ter izbolj\u0161ati prehranske navade otrok.<\/strong><\/p>\n<p style=\"text-align: justify\">V \u0161olskem letu <strong>2025\/2026<\/strong> smo nadaljevali z izvajanjem projekta in razdeljevali sadje oziroma zelenjavo enkrat tedensko<strong>, in sicer&nbsp;ob \u010detrtkih,&nbsp;<\/strong>kar je ustrezno ozna\u010deno tudi na \u0161olskem jedilniku.<\/p>\n<p style=\"text-align: justify\">Obvezni spremljevalni izobra\u017eevalni ukrepi povezujejo otroke s kmetijstvom in spodbujajo zdravo prehranjevanje.<\/p>\n<p style=\"text-align: justify\">U\u010denci in u\u010denke&nbsp;<strong>od 1. do 9. razreda<\/strong>&nbsp;so skupaj z razredniki na centralni in podru\u017eni\u010dni \u0161oli <strong>pisali pesmice&nbsp;o razli\u010dnih vrstah sadja in zelenjave<\/strong>. Nastala je zelo zanimiva in izvirna <strong>zbirka pesmic<\/strong>, nekateri u\u010denci pa so izdelali \u0161e <strong>plakate<\/strong>.<\/p>\n<p><em><strong>Koordinatorica projekta:&nbsp;Irena Tehovnik<\/strong><\/em><\/p>\n<p>&nbsp;<\/p>\n<h4 style=\"text-align: center\"><strong><span style=\"color: #339966\">OSNOVNA \u0160OLA POLJANE<\/span><\/strong><\/h4>\nngg_shortcode_0_placeholder\n<h4 style=\"text-align: center\"><strong><span style=\"color: #339966\">PODRU\u017dNI\u010cNA \u0160OLA JAVORJE&nbsp;<\/span><\/strong><\/h4>\nngg_shortcode_1_placeholder\n<p>&nbsp;<\/p>\n<p><a href=\"https:\/\/sola-poljane.splet.arnes.si\/files\/2026\/03\/fotka.png\"><img loading=\"lazy\" decoding=\"async\" class=\"alignnone size-full wp-image-52589\" src=\"https:\/\/sola-poljane.splet.arnes.si\/files\/2026\/03\/fotka.png\" alt=\"\" width=\"986\" height=\"407\" srcset=\"https:\/\/sola-poljane.splet.arnes.si\/files\/2026\/03\/fotka.png 986w, https:\/\/sola-poljane.splet.arnes.si\/files\/2026\/03\/fotka-300x124.png 300w, https:\/\/sola-poljane.splet.arnes.si\/files\/2026\/03\/fotka-768x317.png 768w, https:\/\/sola-poljane.splet.arnes.si\/files\/2026\/03\/fotka-133x55.png 133w, https:\/\/sola-poljane.splet.arnes.si\/files\/2026\/03\/fotka-947x391.png 947w, https:\/\/sola-poljane.splet.arnes.si\/files\/2026\/03\/fotka-624x258.png 624w\" sizes=\"auto, (max-width: 986px) 100vw, 986px\" \/><\/a><\/p>\n","protected":false},"excerpt":{"rendered":"<p>\u0160olska shema je ukrep skupne kmetijske politike EU, ki otrokom [&hellip;]<\/p>\n","protected":false},"author":56163,"featured_media":52633,"comment_status":"closed","ping_status":"open","sticky":false,"template":"","format":"standard","meta":{"ngg_post_thumbnail":0,"footnotes":""},"categories":[55,43,63],"tags":[],"class_list":["post-52588","post","type-post","status-publish","format-standard","has-post-thumbnail","hentry","category-dogajanje","category-projekti","category-zdrava-sola"],"_links":{"self":[{"href":"https:\/\/sola-poljane.splet.arnes.si\/index.php?rest_route=\/wp\/v2\/posts\/52588","targetHints":{"allow":["GET"]}}],"collection":[{"href":"https:\/\/sola-poljane.splet.arnes.si\/index.php?rest_route=\/wp\/v2\/posts"}],"about":[{"href":"https:\/\/sola-poljane.splet.arnes.si\/index.php?rest_route=\/wp\/v2\/types\/post"}],"author":[{"embeddable":true,"href":"https:\/\/sola-poljane.splet.arnes.si\/index.php?rest_route=\/wp\/v2\/users\/56163"}],"replies":[{"embeddable":true,"href":"https:\/\/sola-poljane.splet.arnes.si\/index.php?rest_route=%2Fwp%2Fv2%2Fcomments&post=52588"}],"version-history":[{"count":4,"href":"https:\/\/sola-poljane.splet.arnes.si\/index.php?rest_route=\/wp\/v2\/posts\/52588\/revisions"}],"predecessor-version":[{"id":52632,"href":"https:\/\/sola-poljane.splet.arnes.si\/index.php?rest_route=\/wp\/v2\/posts\/52588\/revisions\/52632"}],"wp:featuredmedia":[{"embeddable":true,"href":"https:\/\/sola-poljane.splet.arnes.si\/index.php?rest_route=\/wp\/v2\/media\/52633"}],"wp:attachment":[{"href":"https:\/\/sola-poljane.splet.arnes.si\/index.php?rest_route=%2Fwp%2Fv2%2Fmedia&parent=52588"}],"wp:term":[{"taxonomy":"category","embeddable":true,"href":"https:\/\/sola-poljane.splet.arnes.si\/index.php?rest_route=%2Fwp%2Fv2%2Fcategories&post=52588"},{"taxonomy":"post_tag","embeddable":true,"href":"https:\/\/sola-poljane.splet.arnes.si\/index.php?rest_route=%2Fwp%2Fv2%2Ftags&post=52588"}],"curies":[{"name":"wp","href":"https:\/\/api.w.org\/{rel}","templated":true}]}}