{"id":52175,"date":"2026-03-09T23:15:02","date_gmt":"2026-03-09T22:15:02","guid":{"rendered":"https:\/\/sola-poljane.splet.arnes.si\/?p=52175"},"modified":"2026-03-10T06:25:06","modified_gmt":"2026-03-10T05:25:06","slug":"kulturni-dan-za-9-razred-po-poti-kulturne-dediscine","status":"publish","type":"post","link":"https:\/\/sola-poljane.splet.arnes.si\/?p=52175","title":{"rendered":"Kulturni dan za 9. razred \u2013 Po poti kulturne dedi\u0161\u010dine"},"content":{"rendered":"<p style=\"text-align: justify\">Danes smo se u\u010denci 9. razredov odpravili na kulturni dan, kjer smo si ogledali rojstne hi\u0161e pomembnih slovenskih literarnih ustvarjalcev.<br \/>\nKo smo prispeli v Vrbo, nas je pri\u010dakal lep son\u010den dan. Najprej smo si ogledali nedavno obnovljeno <span style=\"color: #ff6600\"><strong>Pre\u0161ernovo rojstno hi\u0161o<\/strong><\/span> \u2013 nekaj osnovnih prostorov in predmetov iz tistega \u010dasa, prebrali pa smo tudi razli\u010dne verze iz njegovih pesmi. Sprehodili smo se do bli\u017enjega spomenika in <span style=\"color: #ff6600\">cerkvice sv. Marka<\/span>, ki jo omeni v sonetu O Vrba. Potem smo se z avtobusom odpeljali do bli\u017enje vasice, v kateri se je rodil pisatelj <strong><span style=\"color: #ff6600\">Janez Jalen<\/span><\/strong>. V njegovi rojstni hi\u0161i nam je njegov prane\u010dak pripovedoval o Jalnovem \u017eivljenju in njegovi navihanosti. Kasneje smo si ogledali tudi rojstno hi\u0161o <strong><span style=\"color: #ff6600\">Frana Sale\u0161kega Fin\u017egarja<\/span><\/strong> in poslu\u0161ali intervju, v katerem je povedal nekaj o vzgojnih metodah njegovega o\u010deta. \u010cisto na koncu pa smo obiskali \u0161e <strong><span style=\"color: #ff6600\">hi\u0161o Matije \u010cop<\/span><span style=\"color: #ff6600\">a<\/span><\/strong>, Pre\u0161ernovega najbolj\u0161ega prijatelja. Tam smo naredili kratek povzetek celotnega dne in si ogledali kratek film o vseh vaseh in hi\u0161ah, ki smo jih obiskali. Nau\u010dili smo se veliko novih stvari in \u0161e podrobneje spoznali, zakaj so slovenski knji\u017eevniki tako pomembni za na\u0161o literaturo.<\/p>\n<p style=\"text-align: justify\"><strong><em>Lara Kokelj in Loti Poljan\u0161ek, 9. a<\/em><\/strong><\/p>\n<p>&nbsp;<\/p>\nngg_shortcode_0_placeholder\n","protected":false},"excerpt":{"rendered":"<p>Danes smo se u\u010denci 9. razredov odpravili na kulturni dan, [&hellip;]<\/p>\n","protected":false},"author":56163,"featured_media":52196,"comment_status":"closed","ping_status":"open","sticky":false,"template":"","format":"standard","meta":{"ngg_post_thumbnail":0,"footnotes":""},"categories":[15,55,87,61],"tags":[],"class_list":["post-52175","post","type-post","status-publish","format-standard","has-post-thumbnail","hentry","category-dnevi-dejavnosti-2-triada","category-dogajanje","category-kulturna-sola","category-unesco"],"_links":{"self":[{"href":"https:\/\/sola-poljane.splet.arnes.si\/index.php?rest_route=\/wp\/v2\/posts\/52175","targetHints":{"allow":["GET"]}}],"collection":[{"href":"https:\/\/sola-poljane.splet.arnes.si\/index.php?rest_route=\/wp\/v2\/posts"}],"about":[{"href":"https:\/\/sola-poljane.splet.arnes.si\/index.php?rest_route=\/wp\/v2\/types\/post"}],"author":[{"embeddable":true,"href":"https:\/\/sola-poljane.splet.arnes.si\/index.php?rest_route=\/wp\/v2\/users\/56163"}],"replies":[{"embeddable":true,"href":"https:\/\/sola-poljane.splet.arnes.si\/index.php?rest_route=%2Fwp%2Fv2%2Fcomments&post=52175"}],"version-history":[{"count":2,"href":"https:\/\/sola-poljane.splet.arnes.si\/index.php?rest_route=\/wp\/v2\/posts\/52175\/revisions"}],"predecessor-version":[{"id":52197,"href":"https:\/\/sola-poljane.splet.arnes.si\/index.php?rest_route=\/wp\/v2\/posts\/52175\/revisions\/52197"}],"wp:featuredmedia":[{"embeddable":true,"href":"https:\/\/sola-poljane.splet.arnes.si\/index.php?rest_route=\/wp\/v2\/media\/52196"}],"wp:attachment":[{"href":"https:\/\/sola-poljane.splet.arnes.si\/index.php?rest_route=%2Fwp%2Fv2%2Fmedia&parent=52175"}],"wp:term":[{"taxonomy":"category","embeddable":true,"href":"https:\/\/sola-poljane.splet.arnes.si\/index.php?rest_route=%2Fwp%2Fv2%2Fcategories&post=52175"},{"taxonomy":"post_tag","embeddable":true,"href":"https:\/\/sola-poljane.splet.arnes.si\/index.php?rest_route=%2Fwp%2Fv2%2Ftags&post=52175"}],"curies":[{"name":"wp","href":"https:\/\/api.w.org\/{rel}","templated":true}]}}