{"id":51879,"date":"2026-02-26T07:30:36","date_gmt":"2026-02-26T06:30:36","guid":{"rendered":"https:\/\/sola-poljane.splet.arnes.si\/?p=51879"},"modified":"2026-02-26T07:30:36","modified_gmt":"2026-02-26T06:30:36","slug":"zimski-sportni-dan-za-3-razred-solar-na-smuci","status":"publish","type":"post","link":"https:\/\/sola-poljane.splet.arnes.si\/?p=51879","title":{"rendered":"Zimski \u0161portni dan za 3. razred \u2013 \u0160olar na smu\u010di"},"content":{"rendered":"<p style=\"text-align: justify\">V torek, 24. februarja, u\u010denci 3. razredov niso bili le \u0161olarji, pa\u010d pa so za en dan postali \u0161olarji na smu\u010deh. V okviru projekta \u0160olar na smu\u010di smo pre\u017eiveli prijeten in aktiven dan na smu\u010di\u0161\u010du Cerkno.<br \/>\nZa\u010detniki so se u\u010dili osnov smu\u010danja, bolj izku\u0161eni smu\u010darji pa so izpopolnjevali svojo tehniko in vijugali na zahtevnej\u0161ih progah. Vsi so poskrbeli za varnost in upo\u0161tevali pravila na smu\u010di\u0161\u010du.<\/p>\n<p style=\"text-align: justify\">Smu\u010danje nas je tako prevzelo, da sploh nismo opazili, kako hitro je minilo \u2013 ostali pa so nasmehi, nova znanja in spomini, ki jih ne bo stopil niti pomladni son\u010dek.<\/p>\n<p style=\"text-align: justify\">U\u010denci, ki se smu\u010danja niso udele\u017eili, so se podali na pohod na Sveti Volbenk. Pot jim je ob razli\u010dnih igrah ter opazovanju prvih znanilcev pomladi \u0161e prehitro minila.<\/p>\n<p style=\"text-align: justify\"><em><strong>Alenka Ortar<\/strong><\/em><\/p>\n<p style=\"text-align: justify\">&#8212;&#8212;&#8212;&#8212;&#8212;&#8212;&#8212;&#8212;&#8212;&#8212;&#8212;&#8212;&#8212;&#8212;&#8211;<\/p>\n<p style=\"text-align: justify\"><strong>Po kon\u010danem \u0161portnem dnevu so tretje\u0161olci strnili svoje vtise.<\/strong><\/p>\n<p style=\"text-align: justify\">Najprej smo v \u0161oli dobili malico. Z avtobusom sem se odpeljali na smu\u010di\u0161\u010de Cerkno. S \u0161estsede\u017enico smo se odpeljali na vrh. Na vrhu smo se ogreli in za\u010deli smu\u010dati. Smu\u010dali smo do pet do pol treh.&nbsp; <strong>(Liam, 3. a)<\/strong><\/p>\n<p style=\"text-align: justify\">Zjutraj smo se z avtobusom odpeljali na Cerkno. Tam smo se razdelili v skupine. Bil sem v najbolj\u0161i. Vozili smo se s &#8216;talar\u010dki&#8217;, dvosedo, \u0161tirisedo in \u0161estsedo. Imela nas je u\u010diteljica Alenka. Imeli smo se zelo dobro. Najbolje je bilo, ko smo \u0161li na Lom. Tako se imenuje najbolj strma proga.&nbsp;&nbsp; <strong>(Lovro, 3. a)<\/strong><\/p>\n<p style=\"text-align: justify\">Nestrpno sem \u010dakala na smu\u010danje. In tudi komaj do\u010dakala. S sede\u017enico smo se odpeljali na vrh. Tam sem si izposodila opremo. S smu\u010dmi smo se najprej spu\u0161\u010dali naravnost. Potem pa smo od\u0161li na dalj\u0161o progo in smu\u010dali slalom. Na sede\u017enici sem najve\u010dkrat sedela z Meto. Imeli smo sme\u0161nega in zabavnega u\u010ditelja Andreja. Bila sem zelo vesela, da sem bila prvi\u010d na smu\u010deh.&nbsp;&nbsp; <strong>(Anja D., 3. a)<\/strong><\/p>\n<p style=\"text-align: justify\">Misil sem, da bo to smu\u010danje brezvezno. Potem pa je bilo zelo dobro.&nbsp; <strong>(\u017dan, 3. a)<\/strong><\/p>\n<p style=\"text-align: justify\">Prvi\u010d sem bil na smu\u010deh in smu\u010dal. Bilo mi je zelo v\u0161e\u010d. En ve\u010der prej sem si pripravil smu\u010darske hla\u010de in smu\u010darske rokavice.&nbsp; <strong>(Jure, 3. a)<\/strong><\/p>\n<p style=\"text-align: justify\">Bilo je zelo dobro. Vozili smo se na dvosedi, \u0161tirisedi in \u0161estsedi. Smu\u010dali smo \u010disto v dolino.&nbsp; <strong>(Emanuel, 3. a)<\/strong><\/p>\n<p style=\"text-align: justify\">Na za\u010detku sem se morala spomniti, kako se smu\u010da. Najve\u010dkrat smo \u0161li na dvosede\u017enico in enkrat celo na \u0161tirisede\u017enico. Zdelo se mi je, da sem zelo napredovala. Za kosilo smo imeli makarone in mesno omako. Na koncu smu\u010danja so nekateri \u0161li v dolino s sede\u017enico, nekateri pa so celo pot smu\u010dali. U\u010dili sta nas u\u010diteljica Alenka in u\u010diteljica Jolanda. Imeli smo se zelo dobro. &nbsp;<strong>(Tina, 3. a)<\/strong><\/p>\n<p style=\"text-align: justify\">Na smu\u010di\u0161\u010du smo se najprej ogreli. Smu\u010dali smo po kraj\u0161ih in dalj\u0161ih progah. Do vrha smo se vozili z dvosedo. U\u010dil me je u\u010ditelj Andrej. Po kosilu smo \u0161e malo smu\u010dali, nato pa smo se s \u0161estsedo spustili do avtobusa.&nbsp; <strong>(Anja J., 3. a)<\/strong><\/p>\n<p style=\"text-align: justify\">Smu\u010darski dan je bil zelo dober. Najprej smo se peljali s \u0161estsedo. U\u010ditelji na smu\u010di\u0161\u010du so bili zelo prijazni in so nas nau\u010dili smu\u010dati in zavijati.&nbsp; <strong>(Matic, 3. a)<\/strong><\/p>\n<p style=\"text-align: justify\">Ko smo \u0161li na Cerkno smu\u010dat, je bilo zelo dobro. \u0160li smo na Po\u010divalo. Peljali smo se zelo visoko. Na\u0161 u\u010ditelj je bil Andrej. Rad sem smu\u010dal.&nbsp; <strong>(Bogdan, 3. a)<\/strong><\/p>\n<p style=\"text-align: justify\">Na za\u010detku smo se peljali s \u0161estsede\u017enico. U\u010dil nas je u\u010ditelj Andrej.&nbsp; <strong>(Maja, 3. a)<\/strong><\/p>\n<p style=\"text-align: justify\">Na za\u010detku mi smu\u010danje ni \u0161lo tako dobro, ampak potem mi je \u0161lo bolje. Ko nam je vsem \u0161lo dobro, smo se spustili po hribu. Na koncu smo vsi dobili nagrade.&nbsp;&nbsp; <strong>(Aleksandra, 3. a)<\/strong><\/p>\n<p style=\"text-align: justify\">Oblekli smo se v kombinezon in obuli pancarje. Ko nam je u\u010diteljica povedala pravila, smo za\u010deli smu\u010dat. U\u010dili sta nas u\u010diteljici Alenka in Jolanda.&nbsp;&nbsp; <strong>(Marjeta, 3. a)<\/strong><\/p>\n<p style=\"text-align: justify\">Ko sem se zadnji\u010d spustil po klancu navzdol, nisem niti enkrat padel. Na sede\u017enici sem se pogovarjal z u\u010diteljem smu\u010danja. Na koncu mi je dal bonbon, ker sem se najbolj trudil.&nbsp; <strong>(Danijel, 3. a)<\/strong><\/p>\n<p style=\"text-align: justify\">\u0160el sem na pohod na Sveti Volbenk. Najprej smo hodili po potki. Tam je bilo veliko kamnov. Potem smo \u0161li \u010dez cesto in v klanec. Dolgo smo hodili. Videli smo ro\u017ee, kronice, zvon\u010dke in \u017eafrane.&nbsp; <strong>(Aleksander, 3. a)<\/strong><\/p>\n<p style=\"text-align: justify\">Ker sem dober smu\u010dar, bi si na \u0161portnem dnevu \u017eelel manj ustavljanja in \u010dakanja. <strong>(Tadej, 3. b)<\/strong><\/p>\n<p style=\"text-align: justify\">Prvi\u010d sem se peljal s sede\u017enico, to mi je bilo zelo v\u0161e\u010d. Fino bi bilo preizkusiti vse proge. <strong>(Teo Silvester, 3. b)<\/strong><\/p>\n<p style=\"text-align: justify\">V\u0161e\u010d mi je bilo klepetati na \u0161estsede\u017enici. <strong>(Meta, 3. b)<\/strong><\/p>\n<p style=\"text-align: justify\">Dobro sem smu\u010dal, kljub temu pa sem ob enem padcu naredil en gromozanski preval. <strong>(Uro\u0161, 3. b)<\/strong><\/p>\n<p style=\"text-align: justify\">V\u0161e\u010d mi je bilo, ker smo imeli skupno kosilo. <strong>(Luca, 3. b)<\/strong><\/p>\n<p style=\"text-align: justify\">Zadovoljen sem, da nikoli nisem padel. <strong>(Jure, 3. b)<\/strong><\/p>\n<p style=\"text-align: justify\">Meni je bilo zelo dobro. Tako zelo, da bi \u0161el smu\u010dat kar vsak dan. <strong>(Martin, 3. b)<\/strong><\/p>\n<p style=\"text-align: justify\">Meni so se zdele vse proge polo\u017ene. Rad imam strme. <strong>(Kri\u0161tof, 3. b)<\/strong><\/p>\n<p style=\"text-align: justify\">Meni je bil \u0161portni dan v\u0161e\u010d. \u0160e bolj pa bi mi bil, \u010de bila sede\u017enica malo hitrej\u0161a. <strong>(Ajda, 3. b)<\/strong><\/p>\n<p style=\"text-align: justify\">Zelo sem se zabavala z Zalo in Tino. S prijateljicami je na smu\u010di\u0161\u010du \u0161e lep\u0161e. <strong>(Teja, 3. b)<\/strong><\/p>\n<p style=\"text-align: justify\">Mi smo \u0161li na pohod. Igrali smo se stare igre in se hecali med hojo. <strong>(Lorina, 3. b)<\/strong><\/p>\n<p style=\"text-align: justify\">Na sede\u017enici sem re\u0161ila skupno smu\u010darsko zagato. Na to sem kar malo ponosna. <strong>(Zala, 3. b)<\/strong><\/p>\n<p style=\"text-align: justify\">Bilo je zelo dobro, ko smo dosegli cilj na Svetem Volbenku. Igrali smo se pohojalco z u\u010diteljico. Lahko bi \u0161li tudi hitreje, imel sem \u0161e dovolj energije. <strong>(Izak, 3. b)<\/strong><\/p>\n<p style=\"text-align: justify\">Bilo mi je v\u0161e\u010d, ko smo se med pohodom igrali igre. <strong>(Amina, 3. b)<\/strong><\/p>\n<p style=\"text-align: justify\">Rad smu\u010dam, rad imam malico na smu\u010di\u0161\u010du, rad pridem pa tudi domov. <strong>(Tilen, 3. b)<\/strong><\/p>\n<p>&nbsp;<\/p>\n<p><a href=\"https:\/\/sola-poljane.splet.arnes.si\/files\/2026\/02\/SD_3r_Smucanje_202601.jpg\"><img loading=\"lazy\" decoding=\"async\" class=\"alignnone wp-image-51881\" src=\"https:\/\/sola-poljane.splet.arnes.si\/files\/2026\/02\/SD_3r_Smucanje_202601-225x300.jpg\" alt=\"\" width=\"231\" height=\"308\" srcset=\"https:\/\/sola-poljane.splet.arnes.si\/files\/2026\/02\/SD_3r_Smucanje_202601-225x300.jpg 225w, https:\/\/sola-poljane.splet.arnes.si\/files\/2026\/02\/SD_3r_Smucanje_202601-41x55.jpg 41w, https:\/\/sola-poljane.splet.arnes.si\/files\/2026\/02\/SD_3r_Smucanje_202601.jpg 450w\" sizes=\"auto, (max-width: 231px) 100vw, 231px\" \/><\/a> <a href=\"https:\/\/sola-poljane.splet.arnes.si\/files\/2026\/02\/SD_3r_Smucanje_202602.jpg\"><img loading=\"lazy\" decoding=\"async\" class=\"alignnone wp-image-51882\" src=\"https:\/\/sola-poljane.splet.arnes.si\/files\/2026\/02\/SD_3r_Smucanje_202602.jpg\" alt=\"\" width=\"232\" height=\"309\" srcset=\"https:\/\/sola-poljane.splet.arnes.si\/files\/2026\/02\/SD_3r_Smucanje_202602.jpg 450w, https:\/\/sola-poljane.splet.arnes.si\/files\/2026\/02\/SD_3r_Smucanje_202602-225x300.jpg 225w, https:\/\/sola-poljane.splet.arnes.si\/files\/2026\/02\/SD_3r_Smucanje_202602-41x55.jpg 41w\" sizes=\"auto, (max-width: 232px) 100vw, 232px\" \/><\/a> <a href=\"https:\/\/sola-poljane.splet.arnes.si\/files\/2026\/02\/SD_3r_Smucanje_202603.jpg\"><img loading=\"lazy\" decoding=\"async\" class=\"alignnone wp-image-51883\" src=\"https:\/\/sola-poljane.splet.arnes.si\/files\/2026\/02\/SD_3r_Smucanje_202603.jpg\" alt=\"\" width=\"232\" height=\"310\" srcset=\"https:\/\/sola-poljane.splet.arnes.si\/files\/2026\/02\/SD_3r_Smucanje_202603.jpg 450w, https:\/\/sola-poljane.splet.arnes.si\/files\/2026\/02\/SD_3r_Smucanje_202603-225x300.jpg 225w, https:\/\/sola-poljane.splet.arnes.si\/files\/2026\/02\/SD_3r_Smucanje_202603-41x55.jpg 41w\" sizes=\"auto, (max-width: 232px) 100vw, 232px\" \/><\/a><\/p>\nngg_shortcode_0_placeholder\n","protected":false},"excerpt":{"rendered":"<p>V torek, 24. februarja, u\u010denci 3. razredov niso bili le [&hellip;]<\/p>\n","protected":false},"author":56163,"featured_media":51920,"comment_status":"closed","ping_status":"open","sticky":false,"template":"","format":"standard","meta":{"ngg_post_thumbnail":0,"footnotes":""},"categories":[7,55],"tags":[],"class_list":["post-51879","post","type-post","status-publish","format-standard","has-post-thumbnail","hentry","category-dnevi-dejavnosti","category-dogajanje"],"_links":{"self":[{"href":"https:\/\/sola-poljane.splet.arnes.si\/index.php?rest_route=\/wp\/v2\/posts\/51879","targetHints":{"allow":["GET"]}}],"collection":[{"href":"https:\/\/sola-poljane.splet.arnes.si\/index.php?rest_route=\/wp\/v2\/posts"}],"about":[{"href":"https:\/\/sola-poljane.splet.arnes.si\/index.php?rest_route=\/wp\/v2\/types\/post"}],"author":[{"embeddable":true,"href":"https:\/\/sola-poljane.splet.arnes.si\/index.php?rest_route=\/wp\/v2\/users\/56163"}],"replies":[{"embeddable":true,"href":"https:\/\/sola-poljane.splet.arnes.si\/index.php?rest_route=%2Fwp%2Fv2%2Fcomments&post=51879"}],"version-history":[{"count":4,"href":"https:\/\/sola-poljane.splet.arnes.si\/index.php?rest_route=\/wp\/v2\/posts\/51879\/revisions"}],"predecessor-version":[{"id":51919,"href":"https:\/\/sola-poljane.splet.arnes.si\/index.php?rest_route=\/wp\/v2\/posts\/51879\/revisions\/51919"}],"wp:featuredmedia":[{"embeddable":true,"href":"https:\/\/sola-poljane.splet.arnes.si\/index.php?rest_route=\/wp\/v2\/media\/51920"}],"wp:attachment":[{"href":"https:\/\/sola-poljane.splet.arnes.si\/index.php?rest_route=%2Fwp%2Fv2%2Fmedia&parent=51879"}],"wp:term":[{"taxonomy":"category","embeddable":true,"href":"https:\/\/sola-poljane.splet.arnes.si\/index.php?rest_route=%2Fwp%2Fv2%2Fcategories&post=51879"},{"taxonomy":"post_tag","embeddable":true,"href":"https:\/\/sola-poljane.splet.arnes.si\/index.php?rest_route=%2Fwp%2Fv2%2Ftags&post=51879"}],"curies":[{"name":"wp","href":"https:\/\/api.w.org\/{rel}","templated":true}]}}