{"id":51484,"date":"2026-01-14T21:47:19","date_gmt":"2026-01-14T20:47:19","guid":{"rendered":"https:\/\/sola-poljane.splet.arnes.si\/?p=51484"},"modified":"2026-01-14T21:47:33","modified_gmt":"2026-01-14T20:47:33","slug":"prvosolci-na-sneznih-pustolovscinah","status":"publish","type":"post","link":"https:\/\/sola-poljane.splet.arnes.si\/?p=51484","title":{"rendered":"Prvo\u0161olci na sne\u017enih pustolov\u0161\u010dinah"},"content":{"rendered":"<p style=\"text-align: justify\">V sredo, <strong>14. januarja<\/strong>, se je <strong>35 nasmejanih prvo\u0161olcev<\/strong> odpravilo na kraj\u0161i zimski pohod do <strong>Svetega Kri\u017ea<\/strong>. Sve\u017e zrak in hoja v hrib sta nam hitro ogrela lica. Po zaslu\u017eeni malici pa se je prava zabava \u0161ele za\u010dela. Sne\u017ena odeja na na\u0161em bregu je po\u010dasi kopnela, mi pa smo se <strong>dr\u010dali. <\/strong>Z lopatkami smo izkori\u0161\u010dali \u0161e zadnje zaplate snega in tekmovali v najdalj\u0161ih spustih. Nekateri pa so svojo ustvarjalnost pokazali pri gradnji mogo\u010dnih utrdb in sne\u017eakov.<\/p>\n<p style=\"text-align: justify\">Smeh in rde\u010da lica so bili dokaz, da smo pre\u017eiveli \u010dudovit, z energijo napolnjen zimski dan.<\/p>\n<p style=\"text-align: justify\"><em><strong>U\u010diteljice 1. razreda<\/strong><\/em><\/p>\n<p>&nbsp;<\/p>\nngg_shortcode_0_placeholder\n","protected":false},"excerpt":{"rendered":"<p>V sredo, 14. januarja, se je 35 nasmejanih prvo\u0161olcev odpravilo [&hellip;]<\/p>\n","protected":false},"author":56163,"featured_media":51500,"comment_status":"closed","ping_status":"open","sticky":false,"template":"","format":"standard","meta":{"ngg_post_thumbnail":0,"footnotes":""},"categories":[7,55],"tags":[],"class_list":["post-51484","post","type-post","status-publish","format-standard","has-post-thumbnail","hentry","category-dnevi-dejavnosti","category-dogajanje"],"_links":{"self":[{"href":"https:\/\/sola-poljane.splet.arnes.si\/index.php?rest_route=\/wp\/v2\/posts\/51484","targetHints":{"allow":["GET"]}}],"collection":[{"href":"https:\/\/sola-poljane.splet.arnes.si\/index.php?rest_route=\/wp\/v2\/posts"}],"about":[{"href":"https:\/\/sola-poljane.splet.arnes.si\/index.php?rest_route=\/wp\/v2\/types\/post"}],"author":[{"embeddable":true,"href":"https:\/\/sola-poljane.splet.arnes.si\/index.php?rest_route=\/wp\/v2\/users\/56163"}],"replies":[{"embeddable":true,"href":"https:\/\/sola-poljane.splet.arnes.si\/index.php?rest_route=%2Fwp%2Fv2%2Fcomments&post=51484"}],"version-history":[{"count":2,"href":"https:\/\/sola-poljane.splet.arnes.si\/index.php?rest_route=\/wp\/v2\/posts\/51484\/revisions"}],"predecessor-version":[{"id":51501,"href":"https:\/\/sola-poljane.splet.arnes.si\/index.php?rest_route=\/wp\/v2\/posts\/51484\/revisions\/51501"}],"wp:featuredmedia":[{"embeddable":true,"href":"https:\/\/sola-poljane.splet.arnes.si\/index.php?rest_route=\/wp\/v2\/media\/51500"}],"wp:attachment":[{"href":"https:\/\/sola-poljane.splet.arnes.si\/index.php?rest_route=%2Fwp%2Fv2%2Fmedia&parent=51484"}],"wp:term":[{"taxonomy":"category","embeddable":true,"href":"https:\/\/sola-poljane.splet.arnes.si\/index.php?rest_route=%2Fwp%2Fv2%2Fcategories&post=51484"},{"taxonomy":"post_tag","embeddable":true,"href":"https:\/\/sola-poljane.splet.arnes.si\/index.php?rest_route=%2Fwp%2Fv2%2Ftags&post=51484"}],"curies":[{"name":"wp","href":"https:\/\/api.w.org\/{rel}","templated":true}]}}