{"id":51399,"date":"2026-01-12T19:17:03","date_gmt":"2026-01-12T18:17:03","guid":{"rendered":"https:\/\/sola-poljane.splet.arnes.si\/?p=51399"},"modified":"2026-01-12T19:17:03","modified_gmt":"2026-01-12T18:17:03","slug":"astronomski-vecer-za-9-razred-2","status":"publish","type":"post","link":"https:\/\/sola-poljane.splet.arnes.si\/?p=51399","title":{"rendered":"Astronomski ve\u010der za 9. razred"},"content":{"rendered":"<p style=\"text-align: justify\">Na na\u0161i \u0161oli je v sredo, 7. januarja, potekal astronomski ve\u010der za u\u010dence devetih razredov, na katerem smo se posvetili skrivnostim vesolja. Dogodek smo za\u010deli s predavanjem o vesolju, na katerem smo spoznali veliko novega. Po predavanju je sledil kratek odmor za pogovor in odmor.<br \/>\nPo odmoru smo se razdelili v manj\u0161e skupine in za\u010delo se je prakti\u010dno delo. Dve skupini sta pripravili predstavitev o luninem in son\u010devem mrku, kjer smo spoznavali, kako do mrkov pride in kako jih opazujemo. Ena izmed skupin je izdelovala teleskop, druga pa se je lotila izdelave modela Oson\u010dja.<br \/>\nVzdu\u0161je je bilo prijetno, veliko smo se nau\u010dili in se ob tem tudi zabavali. Astronomski ve\u010der nam je pokazal, kako zanimiv in skrivnosten je svet, ter nas navdu\u0161il nad raziskovanjem vesolja.<\/p>\n<p style=\"text-align: justify\">&nbsp;<strong><em>Zoja Mikuleti\u010d in Tinkara Cankar, 9. a<\/em><\/strong><\/p>\n<p>&nbsp;<\/p>\nngg_shortcode_0_placeholder\n","protected":false},"excerpt":{"rendered":"<p>Na na\u0161i \u0161oli je v sredo, 7. januarja, potekal astronomski [&hellip;]<\/p>\n","protected":false},"author":56163,"featured_media":51416,"comment_status":"closed","ping_status":"open","sticky":false,"template":"","format":"standard","meta":{"ngg_post_thumbnail":0,"footnotes":""},"categories":[15,55],"tags":[],"class_list":["post-51399","post","type-post","status-publish","format-standard","has-post-thumbnail","hentry","category-dnevi-dejavnosti-2-triada","category-dogajanje"],"_links":{"self":[{"href":"https:\/\/sola-poljane.splet.arnes.si\/index.php?rest_route=\/wp\/v2\/posts\/51399","targetHints":{"allow":["GET"]}}],"collection":[{"href":"https:\/\/sola-poljane.splet.arnes.si\/index.php?rest_route=\/wp\/v2\/posts"}],"about":[{"href":"https:\/\/sola-poljane.splet.arnes.si\/index.php?rest_route=\/wp\/v2\/types\/post"}],"author":[{"embeddable":true,"href":"https:\/\/sola-poljane.splet.arnes.si\/index.php?rest_route=\/wp\/v2\/users\/56163"}],"replies":[{"embeddable":true,"href":"https:\/\/sola-poljane.splet.arnes.si\/index.php?rest_route=%2Fwp%2Fv2%2Fcomments&post=51399"}],"version-history":[{"count":3,"href":"https:\/\/sola-poljane.splet.arnes.si\/index.php?rest_route=\/wp\/v2\/posts\/51399\/revisions"}],"predecessor-version":[{"id":51417,"href":"https:\/\/sola-poljane.splet.arnes.si\/index.php?rest_route=\/wp\/v2\/posts\/51399\/revisions\/51417"}],"wp:featuredmedia":[{"embeddable":true,"href":"https:\/\/sola-poljane.splet.arnes.si\/index.php?rest_route=\/wp\/v2\/media\/51416"}],"wp:attachment":[{"href":"https:\/\/sola-poljane.splet.arnes.si\/index.php?rest_route=%2Fwp%2Fv2%2Fmedia&parent=51399"}],"wp:term":[{"taxonomy":"category","embeddable":true,"href":"https:\/\/sola-poljane.splet.arnes.si\/index.php?rest_route=%2Fwp%2Fv2%2Fcategories&post=51399"},{"taxonomy":"post_tag","embeddable":true,"href":"https:\/\/sola-poljane.splet.arnes.si\/index.php?rest_route=%2Fwp%2Fv2%2Ftags&post=51399"}],"curies":[{"name":"wp","href":"https:\/\/api.w.org\/{rel}","templated":true}]}}