{"id":51297,"date":"2025-12-22T20:44:46","date_gmt":"2025-12-22T19:44:46","guid":{"rendered":"https:\/\/sola-poljane.splet.arnes.si\/?p=51297"},"modified":"2025-12-22T20:44:46","modified_gmt":"2025-12-22T19:44:46","slug":"obisk-prirodoslovnega-in-narodnega-muzeja-slovenije","status":"publish","type":"post","link":"https:\/\/sola-poljane.splet.arnes.si\/?p=51297","title":{"rendered":"Obisk Prirodoslovnega in Narodnega muzeja Slovenije"},"content":{"rendered":"<p style=\"text-align: justify\">V \u010detrtek, 18. 12. 2025, smo se u\u010denci 9. razreda odpravili v <strong>Prirodoslovni muzej Slovenije<\/strong> v Ljubljano.<br \/>\nIzpred \u0161ole smo se ob 8:20 odpravili z avtobusom v Ljubljano. Tam najprej od\u0161li pe\u0161 do sredi\u0161\u010da mesta, nato pa smo od\u0161li v Prirodoslovni muzej, kjer smo pomalicali. Razdelili smo se v dve skupini in spoznavali ekosisteme ter videli okostje kita in mamuta. Nato smo spoznavali evolucijo \u010dloveka in si ogledali razstavo Neandertal\u010deva pi\u0161\u010dal.<br \/>\nZatem smo od\u0161li nazaj na avtobus in se odpeljali v Poljane.<\/p>\n<p style=\"text-align: justify\"><strong><em>Patricija Kokelj, 9. b<\/em><\/strong><\/p>\n<p style=\"text-align: justify\">U\u010denci devetih razredov smo obiskali <strong>Narodni<\/strong> in <strong>Prirodoslovni muzej Slovenije<\/strong> v Ljubljani.<br \/>\nNajprej smo se lo\u010dili v dve skupini in za\u010deli z raziskovanjem. 9. a smo si najprej ogledali razstavo Neandertal\u010deva pi\u0161\u010dal in evolucijo \u010dloveka. Potem smo si ogledali okostje kita, raziskovali \u017eiva bitja po muzeju in na koncu videli \u0161e okostje mamuta.<\/p>\n<p><strong><em>Lara Kokelj, 9. a<\/em><\/strong><\/p>\n<p>&nbsp;<\/p>\nngg_shortcode_0_placeholder\n","protected":false},"excerpt":{"rendered":"<p>V \u010detrtek, 18. 12. 2025, smo se u\u010denci 9. razreda [&hellip;]<\/p>\n","protected":false},"author":56163,"featured_media":51312,"comment_status":"closed","ping_status":"open","sticky":false,"template":"","format":"standard","meta":{"ngg_post_thumbnail":0,"footnotes":""},"categories":[15,55,61],"tags":[],"class_list":["post-51297","post","type-post","status-publish","format-standard","has-post-thumbnail","hentry","category-dnevi-dejavnosti-2-triada","category-dogajanje","category-unesco"],"_links":{"self":[{"href":"https:\/\/sola-poljane.splet.arnes.si\/index.php?rest_route=\/wp\/v2\/posts\/51297","targetHints":{"allow":["GET"]}}],"collection":[{"href":"https:\/\/sola-poljane.splet.arnes.si\/index.php?rest_route=\/wp\/v2\/posts"}],"about":[{"href":"https:\/\/sola-poljane.splet.arnes.si\/index.php?rest_route=\/wp\/v2\/types\/post"}],"author":[{"embeddable":true,"href":"https:\/\/sola-poljane.splet.arnes.si\/index.php?rest_route=\/wp\/v2\/users\/56163"}],"replies":[{"embeddable":true,"href":"https:\/\/sola-poljane.splet.arnes.si\/index.php?rest_route=%2Fwp%2Fv2%2Fcomments&post=51297"}],"version-history":[{"count":2,"href":"https:\/\/sola-poljane.splet.arnes.si\/index.php?rest_route=\/wp\/v2\/posts\/51297\/revisions"}],"predecessor-version":[{"id":51313,"href":"https:\/\/sola-poljane.splet.arnes.si\/index.php?rest_route=\/wp\/v2\/posts\/51297\/revisions\/51313"}],"wp:featuredmedia":[{"embeddable":true,"href":"https:\/\/sola-poljane.splet.arnes.si\/index.php?rest_route=\/wp\/v2\/media\/51312"}],"wp:attachment":[{"href":"https:\/\/sola-poljane.splet.arnes.si\/index.php?rest_route=%2Fwp%2Fv2%2Fmedia&parent=51297"}],"wp:term":[{"taxonomy":"category","embeddable":true,"href":"https:\/\/sola-poljane.splet.arnes.si\/index.php?rest_route=%2Fwp%2Fv2%2Fcategories&post=51297"},{"taxonomy":"post_tag","embeddable":true,"href":"https:\/\/sola-poljane.splet.arnes.si\/index.php?rest_route=%2Fwp%2Fv2%2Ftags&post=51297"}],"curies":[{"name":"wp","href":"https:\/\/api.w.org\/{rel}","templated":true}]}}