{"id":50582,"date":"2025-11-27T21:24:07","date_gmt":"2025-11-27T20:24:07","guid":{"rendered":"https:\/\/sola-poljane.splet.arnes.si\/?p=50582"},"modified":"2025-11-27T21:32:23","modified_gmt":"2025-11-27T20:32:23","slug":"izdelki-za-dobrodelni-sejem-so-ze-pripravljeni","status":"publish","type":"post","link":"https:\/\/sola-poljane.splet.arnes.si\/?p=50582","title":{"rendered":"Izdelki za dobrodelni sejem so \u017ee pripravljeni"},"content":{"rendered":"<p style=\"text-align: justify\">Za u\u010denkami in u\u010denci je tehni\u0161ki dan, na katerem so ustvarjali izdelke za <span style=\"color: #ff6600\"><strong>dobrodelni sejem<\/strong><\/span>, ki ga bomo priredili <span style=\"color: #ff6600\">v torek, 9. decembra 2025<\/span>. Dopoldne je bilo res \u017eivahno in ustvarjalno, izdelki pa \u010dakajo, da se vam na dan sejma predstavijo na stojnicah.<\/p>\n<p>&nbsp;<\/p>\n<p><strong><a href=\"https:\/\/sola-poljane.splet.arnes.si\/files\/2025\/11\/Darilne-skatlice.jpg\"><img loading=\"lazy\" decoding=\"async\" class=\"wp-image-50677 aligncenter\" src=\"https:\/\/sola-poljane.splet.arnes.si\/files\/2025\/11\/Darilne-skatlice.jpg\" alt=\"\" width=\"452\" height=\"223\" srcset=\"https:\/\/sola-poljane.splet.arnes.si\/files\/2025\/11\/Darilne-skatlice.jpg 800w, https:\/\/sola-poljane.splet.arnes.si\/files\/2025\/11\/Darilne-skatlice-300x148.jpg 300w, https:\/\/sola-poljane.splet.arnes.si\/files\/2025\/11\/Darilne-skatlice-768x379.jpg 768w, https:\/\/sola-poljane.splet.arnes.si\/files\/2025\/11\/Darilne-skatlice-111x55.jpg 111w, https:\/\/sola-poljane.splet.arnes.si\/files\/2025\/11\/Darilne-skatlice-624x308.jpg 624w\" sizes=\"auto, (max-width: 452px) 100vw, 452px\" \/><\/a><\/strong><\/p>\n<p>&nbsp;<\/p>\n<p style=\"text-align: center\"><span style=\"color: #0000ff\"><strong>USTVARJANJE<\/strong><\/span><\/p>\nngg_shortcode_0_placeholder\n<p style=\"text-align: center\"><span style=\"color: #0000ff\"><strong>IZDELKI<\/strong><\/span><\/p>\nngg_shortcode_1_placeholder\n<audio class=\"wp-audio-shortcode\" id=\"audio-50582-1\" preload=\"none\" style=\"width: 100%;\" controls=\"controls\"><source type=\"audio\/mpeg\" src=\"https:\/\/sola-poljane.splet.arnes.si\/files\/2025\/11\/Vse_1.mp3?_=1\" \/><a href=\"https:\/\/sola-poljane.splet.arnes.si\/files\/2025\/11\/Vse_1.mp3\">https:\/\/sola-poljane.splet.arnes.si\/files\/2025\/11\/Vse_1.mp3<\/a><\/audio>\n","protected":false},"excerpt":{"rendered":"<p>Za u\u010denkami in u\u010denci je tehni\u0161ki dan, na katerem so [&hellip;]<\/p>\n","protected":false},"author":56163,"featured_media":50675,"comment_status":"closed","ping_status":"open","sticky":false,"template":"","format":"standard","meta":{"ngg_post_thumbnail":0,"footnotes":""},"categories":[29,15,55,61],"tags":[],"class_list":["post-50582","post","type-post","status-publish","format-standard","has-post-thumbnail","hentry","category-dnevi-dejavnosti-3-triada","category-dnevi-dejavnosti-2-triada","category-dogajanje","category-unesco"],"_links":{"self":[{"href":"https:\/\/sola-poljane.splet.arnes.si\/index.php?rest_route=\/wp\/v2\/posts\/50582","targetHints":{"allow":["GET"]}}],"collection":[{"href":"https:\/\/sola-poljane.splet.arnes.si\/index.php?rest_route=\/wp\/v2\/posts"}],"about":[{"href":"https:\/\/sola-poljane.splet.arnes.si\/index.php?rest_route=\/wp\/v2\/types\/post"}],"author":[{"embeddable":true,"href":"https:\/\/sola-poljane.splet.arnes.si\/index.php?rest_route=\/wp\/v2\/users\/56163"}],"replies":[{"embeddable":true,"href":"https:\/\/sola-poljane.splet.arnes.si\/index.php?rest_route=%2Fwp%2Fv2%2Fcomments&post=50582"}],"version-history":[{"count":5,"href":"https:\/\/sola-poljane.splet.arnes.si\/index.php?rest_route=\/wp\/v2\/posts\/50582\/revisions"}],"predecessor-version":[{"id":50678,"href":"https:\/\/sola-poljane.splet.arnes.si\/index.php?rest_route=\/wp\/v2\/posts\/50582\/revisions\/50678"}],"wp:featuredmedia":[{"embeddable":true,"href":"https:\/\/sola-poljane.splet.arnes.si\/index.php?rest_route=\/wp\/v2\/media\/50675"}],"wp:attachment":[{"href":"https:\/\/sola-poljane.splet.arnes.si\/index.php?rest_route=%2Fwp%2Fv2%2Fmedia&parent=50582"}],"wp:term":[{"taxonomy":"category","embeddable":true,"href":"https:\/\/sola-poljane.splet.arnes.si\/index.php?rest_route=%2Fwp%2Fv2%2Fcategories&post=50582"},{"taxonomy":"post_tag","embeddable":true,"href":"https:\/\/sola-poljane.splet.arnes.si\/index.php?rest_route=%2Fwp%2Fv2%2Ftags&post=50582"}],"curies":[{"name":"wp","href":"https:\/\/api.w.org\/{rel}","templated":true}]}}