{"id":50426,"date":"2025-11-23T10:50:56","date_gmt":"2025-11-23T09:50:56","guid":{"rendered":"https:\/\/sola-poljane.splet.arnes.si\/?p=50426"},"modified":"2025-11-24T18:38:42","modified_gmt":"2025-11-24T17:38:42","slug":"po-zajtrku-se-tehniski-dan-v-znamenju-zdrave-sole","status":"publish","type":"post","link":"https:\/\/sola-poljane.splet.arnes.si\/?p=50426","title":{"rendered":"Po zajtrku \u0161e tehni\u0161ki dan v znamenju projektov \u0160olska shema in Zdrava \u0161ola"},"content":{"rendered":"<p style=\"text-align: justify\">Potem ko so se prvo \u0161olsko uro okrep\u010dali s tradicionalnim slovenskim zajtrkom, so u\u010denke in u\u010denci predmetne stopnje pouk nadaljevali <span style=\"color: #ff6600\">s tehni\u0161kim dnem, posve\u010denim projektoma <strong>Zdrava \u0161ola<\/strong> <span style=\"color: #000000\">in<\/span> <strong>\u0160olska shema<\/strong><\/span>.&nbsp;<\/p>\n<p style=\"text-align: justify\"><strong><span style=\"color: #3366ff\">V \u0161oli skrbimo tako za telesno kot tudi du\u0161evno zdravje otrok in mladostnikov<\/span><\/strong>. Tako so se vsi razgibali z <span style=\"color: #3366ff\">gibalnimi dejavnostm<\/span>i, prav tako pa so se posvetili predavanjem in delavnicam o <span style=\"color: #3366ff\">lokalno pridelani hrani<\/span> ter <span style=\"color: #3366ff\">pasteh sodobne tehnologije, ki vse bolj vpliva na <strong>du\u0161evno zdravje<\/strong> <strong>mladih<\/strong>.&nbsp;<\/span><\/p>\n<p>&nbsp;<\/p>\n<p style=\"text-align: center\"><span style=\"color: #ff6600\"><strong>6. razred \u2013 MOJ SPLETNI ZEMLJEVID IN PODOBA: PRAVILA SPLETNEGA BONTONA<\/strong><\/span><\/p>\n<p style=\"text-align: center\">Zala Bricelj, Jan Magdi\u010d<\/p>\n<p>ngg_shortcode_0_placeholder<audio class=\"wp-audio-shortcode\" id=\"audio-50426-1\" preload=\"none\" style=\"width: 100%;\" controls=\"controls\"><source type=\"audio\/mpeg\" src=\"https:\/\/sola-poljane.splet.arnes.si\/files\/2025\/11\/TD_1-1.mp3?_=1\" \/><a href=\"https:\/\/sola-poljane.splet.arnes.si\/files\/2025\/11\/TD_1-1.mp3\">https:\/\/sola-poljane.splet.arnes.si\/files\/2025\/11\/TD_1-1.mp3<\/a><\/audio><\/p>\n<p>&nbsp;<\/p>\n<p style=\"text-align: center\"><span style=\"color: #ff6600\"><strong>7. in 9. razred \u2013 POMEN LOKALNO PRIDELANE HRANE IN ZMANJ\u0160ANJE KOLI\u010cIN ODPADNE HRANE<\/strong><\/span><\/p>\n<p style=\"text-align: center\">Kmetijsko-gozdarski zavod Kranj &#8211; Nata\u0161a Bo\u017enar Markelj<\/p>\n<p>ngg_shortcode_1_placeholder<audio class=\"wp-audio-shortcode\" id=\"audio-50426-2\" preload=\"none\" style=\"width: 100%;\" controls=\"controls\"><source type=\"audio\/mpeg\" src=\"https:\/\/sola-poljane.splet.arnes.si\/files\/2025\/11\/Lokalno-pridelana-hrana-1.mp3?_=2\" \/><a href=\"https:\/\/sola-poljane.splet.arnes.si\/files\/2025\/11\/Lokalno-pridelana-hrana-1.mp3\">https:\/\/sola-poljane.splet.arnes.si\/files\/2025\/11\/Lokalno-pridelana-hrana-1.mp3<\/a><\/audio><\/p>\n<p>&nbsp;<\/p>\n<p style=\"text-align: center\"><span style=\"color: #ff6600\"><strong>7. b razred \u2013 ZANKE IN PASTI SPLETNIH OMRE\u017dIJ (v okviru projekta NEON)<\/strong><\/span><\/p>\n<p style=\"text-align: center\">Damjana Bon\u010da, Polona Zupan<\/p>\nngg_shortcode_2_placeholder\n<p style=\"text-align: center\"><span style=\"color: #ff6600\"><strong>8. razred \u2013 ALI JE SODOBNE TEHNOLOGIJE LAHKO PREVE\u010c?<\/strong><\/span><\/p>\n<p style=\"text-align: center\">Zala Bricelj, Jan Magdi\u010d<\/p>\n<p>ngg_shortcode_3_placeholder<audio class=\"wp-audio-shortcode\" id=\"audio-50426-3\" preload=\"none\" style=\"width: 100%;\" controls=\"controls\"><source type=\"audio\/mpeg\" src=\"https:\/\/sola-poljane.splet.arnes.si\/files\/2025\/11\/TD_3.mp3?_=3\" \/><a href=\"https:\/\/sola-poljane.splet.arnes.si\/files\/2025\/11\/TD_3.mp3\">https:\/\/sola-poljane.splet.arnes.si\/files\/2025\/11\/TD_3.mp3<\/a><\/audio><\/p>\n<p>&nbsp;<\/p>\n<p style=\"text-align: center\"><span style=\"color: #ff6600\"><strong>9. razred \u2013 USTVARJANJE VO\u0160\u010cILNIC ZA DOBRODELNI SEJEM<\/strong><\/span><\/p>\n<p>ngg_shortcode_4_placeholder<audio class=\"wp-audio-shortcode\" id=\"audio-50426-4\" preload=\"none\" style=\"width: 100%;\" controls=\"controls\"><source type=\"audio\/mpeg\" src=\"https:\/\/sola-poljane.splet.arnes.si\/files\/2025\/11\/TD_5.mp3?_=4\" \/><a href=\"https:\/\/sola-poljane.splet.arnes.si\/files\/2025\/11\/TD_5.mp3\">https:\/\/sola-poljane.splet.arnes.si\/files\/2025\/11\/TD_5.mp3<\/a><\/audio><\/p>\n<p>&nbsp;<\/p>\n<p style=\"text-align: center\"><span style=\"color: #ff6600\"><strong>Vsi \u2013 IZDELKI ZA \u0160OLSKO SHEMO<\/strong><\/span><\/p>\nngg_shortcode_5_placeholder\n<p style=\"text-align: center\"><span style=\"color: #ff6600\"><strong>Vsi: GIBALNE DEJAVNOSTI<\/strong><\/span><\/p>\n<p>ngg_shortcode_6_placeholder<audio class=\"wp-audio-shortcode\" id=\"audio-50426-5\" preload=\"none\" style=\"width: 100%;\" controls=\"controls\"><source type=\"audio\/mpeg\" src=\"https:\/\/sola-poljane.splet.arnes.si\/files\/2025\/11\/TD_6.mp3?_=5\" \/><a href=\"https:\/\/sola-poljane.splet.arnes.si\/files\/2025\/11\/TD_6.mp3\">https:\/\/sola-poljane.splet.arnes.si\/files\/2025\/11\/TD_6.mp3<\/a><\/audio><\/p>\n<p>&nbsp;<\/p>\n<p style=\"text-align: center\"><span style=\"color: #ff6600\"><b>VTISI U\u010cENK IN U\u010cENCEV O TEHNI\u0160KEM DNEVU IN ZAKLJU\u010cNE MISLI U\u010cITELJICE IRENE TEHOVNIK<\/b><\/span><\/p>\n<audio class=\"wp-audio-shortcode\" id=\"audio-50426-6\" preload=\"none\" style=\"width: 100%;\" controls=\"controls\"><source type=\"audio\/mpeg\" src=\"https:\/\/sola-poljane.splet.arnes.si\/files\/2025\/11\/TD_splosno.mp3?_=6\" \/><a href=\"https:\/\/sola-poljane.splet.arnes.si\/files\/2025\/11\/TD_splosno.mp3\">https:\/\/sola-poljane.splet.arnes.si\/files\/2025\/11\/TD_splosno.mp3<\/a><\/audio>\n","protected":false},"excerpt":{"rendered":"<p>Potem ko so se prvo \u0161olsko uro okrep\u010dali s tradicionalnim [&hellip;]<\/p>\n","protected":false},"author":56163,"featured_media":50512,"comment_status":"closed","ping_status":"open","sticky":false,"template":"","format":"standard","meta":{"ngg_post_thumbnail":0,"footnotes":""},"categories":[29,15,55,76,67,61,63],"tags":[],"class_list":["post-50426","post","type-post","status-publish","format-standard","has-post-thumbnail","hentry","category-dnevi-dejavnosti-3-triada","category-dnevi-dejavnosti-2-triada","category-dogajanje","category-neon","category-solska-shema","category-unesco","category-zdrava-sola"],"_links":{"self":[{"href":"https:\/\/sola-poljane.splet.arnes.si\/index.php?rest_route=\/wp\/v2\/posts\/50426","targetHints":{"allow":["GET"]}}],"collection":[{"href":"https:\/\/sola-poljane.splet.arnes.si\/index.php?rest_route=\/wp\/v2\/posts"}],"about":[{"href":"https:\/\/sola-poljane.splet.arnes.si\/index.php?rest_route=\/wp\/v2\/types\/post"}],"author":[{"embeddable":true,"href":"https:\/\/sola-poljane.splet.arnes.si\/index.php?rest_route=\/wp\/v2\/users\/56163"}],"replies":[{"embeddable":true,"href":"https:\/\/sola-poljane.splet.arnes.si\/index.php?rest_route=%2Fwp%2Fv2%2Fcomments&post=50426"}],"version-history":[{"count":11,"href":"https:\/\/sola-poljane.splet.arnes.si\/index.php?rest_route=\/wp\/v2\/posts\/50426\/revisions"}],"predecessor-version":[{"id":50531,"href":"https:\/\/sola-poljane.splet.arnes.si\/index.php?rest_route=\/wp\/v2\/posts\/50426\/revisions\/50531"}],"wp:featuredmedia":[{"embeddable":true,"href":"https:\/\/sola-poljane.splet.arnes.si\/index.php?rest_route=\/wp\/v2\/media\/50512"}],"wp:attachment":[{"href":"https:\/\/sola-poljane.splet.arnes.si\/index.php?rest_route=%2Fwp%2Fv2%2Fmedia&parent=50426"}],"wp:term":[{"taxonomy":"category","embeddable":true,"href":"https:\/\/sola-poljane.splet.arnes.si\/index.php?rest_route=%2Fwp%2Fv2%2Fcategories&post=50426"},{"taxonomy":"post_tag","embeddable":true,"href":"https:\/\/sola-poljane.splet.arnes.si\/index.php?rest_route=%2Fwp%2Fv2%2Ftags&post=50426"}],"curies":[{"name":"wp","href":"https:\/\/api.w.org\/{rel}","templated":true}]}}