{"id":50355,"date":"2025-11-23T08:39:30","date_gmt":"2025-11-23T07:39:30","guid":{"rendered":"https:\/\/sola-poljane.splet.arnes.si\/?p=50355"},"modified":"2025-11-24T18:23:50","modified_gmt":"2025-11-24T17:23:50","slug":"tradicionalni-slovenski-zajtrk-moja-izbira-je-slovenska-hrana","status":"publish","type":"post","link":"https:\/\/sola-poljane.splet.arnes.si\/?p=50355","title":{"rendered":"Tradicionalni slovenski zajtrk \u2013 Moja izbira je slovenska hrana"},"content":{"rendered":"<p><span style=\"color: #008000\"><strong>Teden slovenske hrane<\/strong><\/span> je letos potekal od 17. do 23. novembra. Slogan leto\u0161njega&nbsp; je:<span style=\"color: #008000\"><strong> MOJA IZBIRA JE SLOVENSKA HRANA<\/strong><\/span>.<br \/>\nTradicionalni slovenski zajtrk v vrtcih in \u0161olah poteka \u017ee <span style=\"color: #008000\">15. leto<\/span>.&nbsp;&nbsp;<\/p>\n<p>Z na\u0161o \u0161olo so letos sodelovali \u0161tirje <strong><span style=\"color: #008000\">ponudniki lokalno pridelane hrane<\/span><\/strong>.<\/p>\n<p><a href=\"https:\/\/sola-poljane.splet.arnes.si\/files\/2025\/11\/TSZ_ponudniki-zivil.jpg\"><img loading=\"lazy\" decoding=\"async\" class=\"wp-image-50415 aligncenter\" src=\"https:\/\/sola-poljane.splet.arnes.si\/files\/2025\/11\/TSZ_ponudniki-zivil.jpg\" alt=\"\" width=\"556\" height=\"316\" srcset=\"https:\/\/sola-poljane.splet.arnes.si\/files\/2025\/11\/TSZ_ponudniki-zivil.jpg 800w, https:\/\/sola-poljane.splet.arnes.si\/files\/2025\/11\/TSZ_ponudniki-zivil-300x171.jpg 300w, https:\/\/sola-poljane.splet.arnes.si\/files\/2025\/11\/TSZ_ponudniki-zivil-768x437.jpg 768w, https:\/\/sola-poljane.splet.arnes.si\/files\/2025\/11\/TSZ_ponudniki-zivil-97x55.jpg 97w, https:\/\/sola-poljane.splet.arnes.si\/files\/2025\/11\/TSZ_ponudniki-zivil-624x355.jpg 624w\" sizes=\"auto, (max-width: 556px) 100vw, 556px\" \/><\/a><\/p>\n<p>&nbsp;<\/p>\n<h4 style=\"text-align: center\"><span style=\"color: #993300\"><strong>FOTOUTRINKI S \u0160OLSKEGA ZAJTRKA v petek, 21. novembra 2025<\/strong><\/span><\/h4>\nngg_shortcode_0_placeholder\n<audio class=\"wp-audio-shortcode\" id=\"audio-50355-1\" preload=\"none\" style=\"width: 100%;\" controls=\"controls\"><source type=\"audio\/mpeg\" src=\"https:\/\/sola-poljane.splet.arnes.si\/files\/2025\/11\/TZS_1.mp3?_=1\" \/><a href=\"https:\/\/sola-poljane.splet.arnes.si\/files\/2025\/11\/TZS_1.mp3\">https:\/\/sola-poljane.splet.arnes.si\/files\/2025\/11\/TZS_1.mp3<\/a><\/audio>\n<audio class=\"wp-audio-shortcode\" id=\"audio-50355-2\" preload=\"none\" style=\"width: 100%;\" controls=\"controls\"><source type=\"audio\/mpeg\" src=\"https:\/\/sola-poljane.splet.arnes.si\/files\/2025\/11\/TZS_2.mp3?_=2\" \/><a href=\"https:\/\/sola-poljane.splet.arnes.si\/files\/2025\/11\/TZS_2.mp3\">https:\/\/sola-poljane.splet.arnes.si\/files\/2025\/11\/TZS_2.mp3<\/a><\/audio>\n<p>&nbsp;<\/p>\n<p><a href=\"https:\/\/sola-poljane.splet.arnes.si\/files\/2025\/11\/Plakat.png\"><img loading=\"lazy\" decoding=\"async\" class=\"wp-image-50414 aligncenter\" src=\"https:\/\/sola-poljane.splet.arnes.si\/files\/2025\/11\/Plakat.png\" alt=\"\" width=\"392\" height=\"234\" srcset=\"https:\/\/sola-poljane.splet.arnes.si\/files\/2025\/11\/Plakat.png 1123w, https:\/\/sola-poljane.splet.arnes.si\/files\/2025\/11\/Plakat-300x179.png 300w, https:\/\/sola-poljane.splet.arnes.si\/files\/2025\/11\/Plakat-1024x612.png 1024w, https:\/\/sola-poljane.splet.arnes.si\/files\/2025\/11\/Plakat-768x459.png 768w, https:\/\/sola-poljane.splet.arnes.si\/files\/2025\/11\/Plakat-92x55.png 92w, https:\/\/sola-poljane.splet.arnes.si\/files\/2025\/11\/Plakat-947x566.png 947w, https:\/\/sola-poljane.splet.arnes.si\/files\/2025\/11\/Plakat-624x373.png 624w\" sizes=\"auto, (max-width: 392px) 100vw, 392px\" \/><\/a><\/p>\n","protected":false},"excerpt":{"rendered":"<p>Teden slovenske hrane je letos potekal od 17. do 23. [&hellip;]<\/p>\n","protected":false},"author":56163,"featured_media":50423,"comment_status":"closed","ping_status":"open","sticky":false,"template":"","format":"standard","meta":{"ngg_post_thumbnail":0,"footnotes":""},"categories":[55,67,61,63],"tags":[],"class_list":["post-50355","post","type-post","status-publish","format-standard","has-post-thumbnail","hentry","category-dogajanje","category-solska-shema","category-unesco","category-zdrava-sola"],"_links":{"self":[{"href":"https:\/\/sola-poljane.splet.arnes.si\/index.php?rest_route=\/wp\/v2\/posts\/50355","targetHints":{"allow":["GET"]}}],"collection":[{"href":"https:\/\/sola-poljane.splet.arnes.si\/index.php?rest_route=\/wp\/v2\/posts"}],"about":[{"href":"https:\/\/sola-poljane.splet.arnes.si\/index.php?rest_route=\/wp\/v2\/types\/post"}],"author":[{"embeddable":true,"href":"https:\/\/sola-poljane.splet.arnes.si\/index.php?rest_route=\/wp\/v2\/users\/56163"}],"replies":[{"embeddable":true,"href":"https:\/\/sola-poljane.splet.arnes.si\/index.php?rest_route=%2Fwp%2Fv2%2Fcomments&post=50355"}],"version-history":[{"count":14,"href":"https:\/\/sola-poljane.splet.arnes.si\/index.php?rest_route=\/wp\/v2\/posts\/50355\/revisions"}],"predecessor-version":[{"id":50519,"href":"https:\/\/sola-poljane.splet.arnes.si\/index.php?rest_route=\/wp\/v2\/posts\/50355\/revisions\/50519"}],"wp:featuredmedia":[{"embeddable":true,"href":"https:\/\/sola-poljane.splet.arnes.si\/index.php?rest_route=\/wp\/v2\/media\/50423"}],"wp:attachment":[{"href":"https:\/\/sola-poljane.splet.arnes.si\/index.php?rest_route=%2Fwp%2Fv2%2Fmedia&parent=50355"}],"wp:term":[{"taxonomy":"category","embeddable":true,"href":"https:\/\/sola-poljane.splet.arnes.si\/index.php?rest_route=%2Fwp%2Fv2%2Fcategories&post=50355"},{"taxonomy":"post_tag","embeddable":true,"href":"https:\/\/sola-poljane.splet.arnes.si\/index.php?rest_route=%2Fwp%2Fv2%2Ftags&post=50355"}],"curies":[{"name":"wp","href":"https:\/\/api.w.org\/{rel}","templated":true}]}}