{"id":50205,"date":"2025-11-14T10:03:38","date_gmt":"2025-11-14T09:03:38","guid":{"rendered":"https:\/\/sola-poljane.splet.arnes.si\/?p=50205"},"modified":"2025-11-14T10:05:41","modified_gmt":"2025-11-14T09:05:41","slug":"groharjeva-hisa-nas-je-navdusila","status":"publish","type":"post","link":"https:\/\/sola-poljane.splet.arnes.si\/?p=50205","title":{"rendered":"Groharjeva hi\u0161a nas je navdu\u0161ila!"},"content":{"rendered":"<p style=\"text-align: justify\">Kulturni dan, ki smo ga u\u010denci od prvega do tretjega razreda do\u017eiveli v <span style=\"color: #008000\"><strong>Groharjevi hi\u0161i v Sorici<\/strong><\/span>, bi lahko zapisali z veliko za\u010detnico. Pa ne zgolj zaradi tega, ker tamle na za\u010detku stoji kot prvi v vrsti, ampak zato, ker nas je Kultura prevzela po dolgem in po\u010dez. <span style=\"color: #008000\">Ga\u0161per Ka\u010dar<\/span>, du\u0161a Groharjeve rojstne hi\u0161e, nas je popeljal vsaj v \u0161tiri razli\u010dne svetove. In to v eni sami hi\u0161i.<\/p>\n<p style=\"text-align: justify\">V prvem smo spoznali \u0161tevilna <span style=\"color: #008000\">ritmi\u010dna in melodi\u010dna tolkala<\/span> in postali \u010dlani ve\u010d kot 30-\u010dlanskega orkestra. S harmoniko pred seboj smo skakali po zelenih, modrih in rde\u010dih oto\u010dkih in vsi skupaj prav lepo zazveneli.<\/p>\n<p style=\"text-align: justify\">V drugem smo postali <span style=\"color: #008000\">risarji<\/span>. Tak\u0161ni, ki se spoznajo na proporce in vzorce, na sence in sonce. Tak\u0161ni, ki ne potrebujejo radirk in ob tihi glasbi ustvarjajo \u0161e bolj zavzeto.<\/p>\n<p style=\"text-align: justify\">V tretjem svetu smo sko\u010dili malce <span style=\"color: #008000\">nazaj v \u010das<\/span>. Kakih sto let. Med Groharjevega Sejalca in njegov Macesen, v \u0160kofjo Loko v snegu in hribovsko Pomlad.<\/p>\n<p style=\"text-align: justify\">V \u010detrtem pa smo se preselili v klet in ob starih predmetih pokukali v <span style=\"color: #008000\">va\u0161ki vsakdan<\/span>.<\/p>\n<p style=\"text-align: justify\">Kultura dela \u017eivljenje l\u00e9po, upo\u010dasni \u010das in nam razkriva, takole po\u010dasi in po malem, kak\u0161ni talenti se skrivajo prav v vsakem izmed nas.<\/p>\n<p><em><strong>Mateja Tu\u0161ek<\/strong><\/em><\/p>\n<p>&nbsp;<\/p>\n<h3 style=\"text-align: center\"><strong><span style=\"color: #3366ff\">1. razred<\/span><\/strong><\/h3>\nngg_shortcode_0_placeholder\n<h3 style=\"text-align: center\"><span style=\"color: #3366ff\"><strong>2. razred<\/strong><\/span><\/h3>\nngg_shortcode_1_placeholder\n<h3 style=\"text-align: center\"><span style=\"color: #3366ff\"><strong>3. razred<\/strong><\/span><\/h3>\nngg_shortcode_2_placeholder\n","protected":false},"excerpt":{"rendered":"<p>Kulturni dan, ki smo ga u\u010denci od prvega do tretjega [&hellip;]<\/p>\n","protected":false},"author":56163,"featured_media":50269,"comment_status":"closed","ping_status":"open","sticky":false,"template":"","format":"standard","meta":{"ngg_post_thumbnail":0,"footnotes":""},"categories":[7,55,61],"tags":[],"class_list":["post-50205","post","type-post","status-publish","format-standard","has-post-thumbnail","hentry","category-dnevi-dejavnosti","category-dogajanje","category-unesco"],"_links":{"self":[{"href":"https:\/\/sola-poljane.splet.arnes.si\/index.php?rest_route=\/wp\/v2\/posts\/50205","targetHints":{"allow":["GET"]}}],"collection":[{"href":"https:\/\/sola-poljane.splet.arnes.si\/index.php?rest_route=\/wp\/v2\/posts"}],"about":[{"href":"https:\/\/sola-poljane.splet.arnes.si\/index.php?rest_route=\/wp\/v2\/types\/post"}],"author":[{"embeddable":true,"href":"https:\/\/sola-poljane.splet.arnes.si\/index.php?rest_route=\/wp\/v2\/users\/56163"}],"replies":[{"embeddable":true,"href":"https:\/\/sola-poljane.splet.arnes.si\/index.php?rest_route=%2Fwp%2Fv2%2Fcomments&post=50205"}],"version-history":[{"count":5,"href":"https:\/\/sola-poljane.splet.arnes.si\/index.php?rest_route=\/wp\/v2\/posts\/50205\/revisions"}],"predecessor-version":[{"id":50271,"href":"https:\/\/sola-poljane.splet.arnes.si\/index.php?rest_route=\/wp\/v2\/posts\/50205\/revisions\/50271"}],"wp:featuredmedia":[{"embeddable":true,"href":"https:\/\/sola-poljane.splet.arnes.si\/index.php?rest_route=\/wp\/v2\/media\/50269"}],"wp:attachment":[{"href":"https:\/\/sola-poljane.splet.arnes.si\/index.php?rest_route=%2Fwp%2Fv2%2Fmedia&parent=50205"}],"wp:term":[{"taxonomy":"category","embeddable":true,"href":"https:\/\/sola-poljane.splet.arnes.si\/index.php?rest_route=%2Fwp%2Fv2%2Fcategories&post=50205"},{"taxonomy":"post_tag","embeddable":true,"href":"https:\/\/sola-poljane.splet.arnes.si\/index.php?rest_route=%2Fwp%2Fv2%2Ftags&post=50205"}],"curies":[{"name":"wp","href":"https:\/\/api.w.org\/{rel}","templated":true}]}}