{"id":50153,"date":"2025-11-11T20:58:07","date_gmt":"2025-11-11T19:58:07","guid":{"rendered":"https:\/\/sola-poljane.splet.arnes.si\/?p=50153"},"modified":"2025-11-14T18:57:29","modified_gmt":"2025-11-14T17:57:29","slug":"plakat-miru-2025-skupaj-kot-eno","status":"publish","type":"post","link":"https:\/\/sola-poljane.splet.arnes.si\/?p=50153","title":{"rendered":"Plakat miru 2025 &#8211; &#8220;Skupaj kot eno&#8221;"},"content":{"rendered":"<p style=\"text-align: justify\">Pod okriljem Lions kluba \u0160kofja Loka so v Sokolskem domu v \u0160kofji Loki odprli <span style=\"color: #008000\">razstavo projekta <strong>Plakat miru<\/strong><\/span> \u2013 mednarodne pobude, ki mlade spodbuja k razmi\u0161ljanju o pomenu miru, so\u017eitja in razumevanja.<br \/>\nLetos poteka pod geslom <strong><span style=\"color: #008000\">Skupaj kot eno<\/span><\/strong>, ki ga mladi ustvarjalci upodabljajo z neverjetno iskrenostjo, barvami in domi\u0161ljijo. Njihova dela pripovedujejo, da so sanje o miru lahko resni\u010dne \u2013 \u010de jih negujemo skupaj.<\/p>\n<p style=\"text-align: justify\">Letos je v projektu sodelovalo <span style=\"color: #008000\">ve\u010d kot 80 otrok<\/span> s svojimi plakati.<br \/>\nOsem finalistov iz \u0161estih osnovnih \u0161ol odhaja naprej na svetovni izbor! Med njimi sta tudi u\u010denca na\u0161e \u0161ole: <span style=\"color: #008000\">Sara Mlinar in Jaka Gornik<\/span>, oba iz 8. a razreda. \u010cESTITAMO!<\/p>\n<p style=\"text-align: justify\"><span style=\"color: #008000\">Razstava vseh plakatov<\/span> bo na ogled do 16. novembra v Sokolskem domu \u2013 vabljeni, da si ogledate, kaj o miru sanjajo na\u0161i najmlaj\u0161i umetniki.<\/p>\n<p style=\"text-align: justify\">Med fotografijami so tudi utrinki z odprtja razstave, ki je bilo&nbsp;v \u010detrtek, 6. novembra 2025, v Sokolskem domu v \u0160kofji Loki.<\/p>\n<p style=\"text-align: justify\">Sporo\u010dilo miru so nam pri\u010darali u\u010denci&nbsp;<span style=\"color: #008000\">Glasbene \u0161ole \u0160kofja Loka<\/span>,&nbsp;med njimi tudi na\u0161a u\u010denka <span style=\"color: #008000\">Doroteja Benedi\u010di\u010d<\/span>.<\/p>\n<p><strong><a href=\"https:\/\/www.facebook.com\/RadioSora\/posts\/-plakat-miru-2025-skupaj-kot-eno-pod-okriljem-lions-kluba-\u0161kofja-loka-so-nocoj-v\/1427760419355587\/\">https:\/\/www.facebook.com\/RadioSora\/posts\/-plakat-miru-2025-skupaj-kot-eno-pod-okriljem-lions-kluba-%C5%A1kofja-loka-so-nocoj-v\/1427760419355587\/<\/a><\/strong><\/p>\n<p>&nbsp;<\/p>\n<p><strong><em>Mihaela \u017dakelj Ogrin<\/em><\/strong><\/p>\n<p>&nbsp;<\/p>\nngg_shortcode_0_placeholder\n<p style=\"text-align: justify\"><strong>Fotografije od leve proti desni:<\/strong><br \/>\nDoroteja Benedi\u010di\u010d (Glasbena \u0161ola \u0160kofja Loka), Alenka Ma\u017egon, Ela Novak, Brin Ficko, Estera Plati\u0161a, Izabela Treven, Jaka Gornik, Nika Justin, Tinkara Kos, Miha Arnolj, Sara Mlinar, Tev\u017e Bogataj, Tina Bo\u017enar, Ula Kos, Sara in Jaka pred svojima plakatoma<\/p>\n","protected":false},"excerpt":{"rendered":"<p>Pod okriljem Lions kluba \u0160kofja Loka so v Sokolskem domu [&hellip;]<\/p>\n","protected":false},"author":56163,"featured_media":50173,"comment_status":"closed","ping_status":"open","sticky":false,"template":"","format":"standard","meta":{"ngg_post_thumbnail":0,"footnotes":""},"categories":[55,37,61],"tags":[],"class_list":["post-50153","post","type-post","status-publish","format-standard","has-post-thumbnail","hentry","category-dogajanje","category-natecaji","category-unesco"],"_links":{"self":[{"href":"https:\/\/sola-poljane.splet.arnes.si\/index.php?rest_route=\/wp\/v2\/posts\/50153","targetHints":{"allow":["GET"]}}],"collection":[{"href":"https:\/\/sola-poljane.splet.arnes.si\/index.php?rest_route=\/wp\/v2\/posts"}],"about":[{"href":"https:\/\/sola-poljane.splet.arnes.si\/index.php?rest_route=\/wp\/v2\/types\/post"}],"author":[{"embeddable":true,"href":"https:\/\/sola-poljane.splet.arnes.si\/index.php?rest_route=\/wp\/v2\/users\/56163"}],"replies":[{"embeddable":true,"href":"https:\/\/sola-poljane.splet.arnes.si\/index.php?rest_route=%2Fwp%2Fv2%2Fcomments&post=50153"}],"version-history":[{"count":7,"href":"https:\/\/sola-poljane.splet.arnes.si\/index.php?rest_route=\/wp\/v2\/posts\/50153\/revisions"}],"predecessor-version":[{"id":50276,"href":"https:\/\/sola-poljane.splet.arnes.si\/index.php?rest_route=\/wp\/v2\/posts\/50153\/revisions\/50276"}],"wp:featuredmedia":[{"embeddable":true,"href":"https:\/\/sola-poljane.splet.arnes.si\/index.php?rest_route=\/wp\/v2\/media\/50173"}],"wp:attachment":[{"href":"https:\/\/sola-poljane.splet.arnes.si\/index.php?rest_route=%2Fwp%2Fv2%2Fmedia&parent=50153"}],"wp:term":[{"taxonomy":"category","embeddable":true,"href":"https:\/\/sola-poljane.splet.arnes.si\/index.php?rest_route=%2Fwp%2Fv2%2Fcategories&post=50153"},{"taxonomy":"post_tag","embeddable":true,"href":"https:\/\/sola-poljane.splet.arnes.si\/index.php?rest_route=%2Fwp%2Fv2%2Ftags&post=50153"}],"curies":[{"name":"wp","href":"https:\/\/api.w.org\/{rel}","templated":true}]}}