{"id":50076,"date":"2025-11-09T09:08:40","date_gmt":"2025-11-09T08:08:40","guid":{"rendered":"https:\/\/sola-poljane.splet.arnes.si\/?p=50076"},"modified":"2025-11-11T06:37:01","modified_gmt":"2025-11-11T05:37:01","slug":"solske-novinarke-na-radiu-sora-in-radiu-1","status":"publish","type":"post","link":"https:\/\/sola-poljane.splet.arnes.si\/?p=50076","title":{"rendered":"\u0160olske novinarke na Radiu Sora in Radiu 1"},"content":{"rendered":"<p style=\"text-align: justify\"><strong><em>Po po\u010ditnicah so poseben dan do\u017eivele \u0161olske novinarke. Obiskale so dve razli\u010dni radijski postaji \u2013 Radio Sora v \u0160kofji Loki in Radio 1 v Ljubljani.<\/em><\/strong><\/p>\n<p>&nbsp;<\/p>\n<p style=\"text-align: center\"><span style=\"color: #0000ff\"><strong>RADIO SORA<\/strong><\/span><\/p>\n<p style=\"text-align: justify\"><strong>Radio Sora je lokalna radijska postaja s posebnim<\/strong> pomenom, v programu so pomembni <span style=\"color: #0000ff\">dogodki v lokalnem in regionalnem okolju<\/span>. Lokalni radio uravnote\u017eeno zastopa vse interese ljudi v lokalni skupnosti, poleg tega pa pomaga pri razvoju kulture in ohranjanju kulturne dedi\u0161\u010dine, pri izobra\u017eevanju, spodbujanju dialoga in so\u017eitja med ljudmi ter negovanju kulture govora in izra\u017eanja v sloven\u0161\u010dini.<br \/>\nRadio Sora deluje na podro\u010dju Gorenjske in se osredoto\u010da na lokalne novice, kulturne, izobra\u017eevalne in druge dogodke, pomembne in zanimive za poslu\u0161alce tega obmo\u010dja. Glasba, ki jo predvaja, je raznolika, ve\u010d je slovenske glasbe.<\/p>\n<p style=\"text-align: center\"><a href=\"https:\/\/www.radio-sora.si\/o-nas\"><img loading=\"lazy\" decoding=\"async\" class=\" wp-image-50077 aligncenter\" src=\"https:\/\/sola-poljane.splet.arnes.si\/files\/2025\/11\/radio-sora-slisnost-veliki-300x201.jpg\" alt=\"\" width=\"415\" height=\"278\" srcset=\"https:\/\/sola-poljane.splet.arnes.si\/files\/2025\/11\/radio-sora-slisnost-veliki-300x201.jpg 300w, https:\/\/sola-poljane.splet.arnes.si\/files\/2025\/11\/radio-sora-slisnost-veliki-1024x686.jpg 1024w, https:\/\/sola-poljane.splet.arnes.si\/files\/2025\/11\/radio-sora-slisnost-veliki-768x515.jpg 768w, https:\/\/sola-poljane.splet.arnes.si\/files\/2025\/11\/radio-sora-slisnost-veliki-82x55.jpg 82w, https:\/\/sola-poljane.splet.arnes.si\/files\/2025\/11\/radio-sora-slisnost-veliki-947x634.jpg 947w, https:\/\/sola-poljane.splet.arnes.si\/files\/2025\/11\/radio-sora-slisnost-veliki-624x418.jpg 624w, https:\/\/sola-poljane.splet.arnes.si\/files\/2025\/11\/radio-sora-slisnost-veliki-84x56.jpg 84w, https:\/\/sola-poljane.splet.arnes.si\/files\/2025\/11\/radio-sora-slisnost-veliki.jpg 1200w\" sizes=\"auto, (max-width: 415px) 100vw, 415px\" \/><strong>Obmo\u010dje oddajanja Radia Sora (vir: posnetek zaslona)<\/strong><\/a><\/p>\n<p style=\"text-align: justify\">U\u010denke so spoznale nekaj \u010dlanov ekipe ter njihovo delo. Kaj po\u010dnejo urednik, moderator, radijski tehnik; kako nastajajo oddaje in prispevki, kako poteka delo v \u017eivo \u2026 Tudi one so se v program oglasile v \u017eivo, nekatere pa so se preizkusile tudi v studiu.<\/p>\nngg_shortcode_0_placeholder\n<p>&nbsp;<\/p>\n<p style=\"text-align: center\"><span style=\"color: #0000ff\"><strong>RADIO 1<\/strong><\/span><\/p>\n<p style=\"text-align: justify\"><strong>Radio 1 je komercialna radijska postaja, ki deluje na \u0161ir\u0161em obmo\u010dju<\/strong>, program je<span style=\"color: #0000ff\"> lahkoten in zabaven z veliko glasbe in kontaktnih voditeljskih programov<\/span>. Predvaja vsebine, ki privabljajo \u010dim ve\u010d poslu\u0161alcev in ogla\u0161evalcev, ve\u010d je tuje glasbe. Govor in izra\u017eanje sta bolj vsakdanja, preprosta ter pogosto nare\u010dno in pogovorno obarvana.<\/p>\n<p style=\"text-align: justify\">Po prostorih Radia 1 je u\u010denke vodil gospod Bla\u017e in jim predstavil na\u010din dela, jih vodil skozi razli\u010dne sobe, na koncu pa v studio, od koder poteka program. Tam je polno zaslonov, mikrofonov, reflektorjev in seveda ra\u010dunalnikov.<\/p>\nngg_shortcode_1_placeholder\n<p>&nbsp;<\/p>\n<p style=\"text-align: center\"><strong><span style=\"color: #0000ff\">KAJ BO V SPOMINU OSTALO NA\u0160IM U\u010cENKAM &#8230;<\/span><\/strong><\/p>\n<p style=\"text-align: justify\">Na Radiu Sora je bilo zanimivo, ker smo videli in sli\u0161ali, kako je voditeljica govorila v \u017eivo. V\u0161e\u010d nama je bilo tudi kolekcija CD-jev, ki jih imajo na Radiu Sora.<br \/>\nNa Radiu 1 je bilo odli\u010dno in veselo vzdu\u0161je.<br \/>\n<strong><em>Ajda in Julija<\/em><\/strong><\/p>\n<p style=\"text-align: justify\">Izlet na Radio 1 in Radio Sora je bil pou\u010den. Zanimiv se nama je zdel del ogleda Radia Sora, predvsem ko smo se javili v \u017eivo. Na Radiu 1 nama je bila najbolj v\u0161e\u010d pozitivna energija celotne radijske ekipe. Po\u010da\u0161\u010deni smo bili, da smo si lahko ogledali \u010disto nov studio. Na koncu sva sicer malce zamudili na nogometni turnir, a kljub temu sva imeli lep dan.<br \/>\n<strong><em>Loti in Ne\u017ea <\/em><\/strong><\/p>\n<p style=\"text-align: justify\">Na Radiu Sora se nam je zdelo zanimivo. Na Radiu 1 pa smo imele zelo zanimivega vodi\u010da in dobile smo vodo z etiketo Radia 1. V snemalnici nam je bil zelo v\u0161e\u010d stol.<br \/>\n<strong><em>Eva, Maja in Julija<\/em><\/strong><\/p>\n<p style=\"text-align: justify\">Na Radiu Sora se nama je zdelo najbolje, ko smo se preizkusile v govorjenju v \u017eivo. Pokazali so nam tudi urejanje zvo\u010dnih posnetkov. Na Radiu 1 pa nama je bilo najbolj v\u0161e\u010d, ko so nam razkazali nov studio, ki je \u0161e v izdelavi. Bile smo prve, ki smo ga videle. V\u0161e\u010d nama je bilo tudi, ko smo se lahko pogovarjale z voditelji radia.<br \/>\n<strong><em>Tja\u0161a in Izabela<\/em><\/strong><\/p>\n<p style=\"text-align: justify\">Na Radiu Sora se nama je najbolj vtisnilo v spomin, ko smo lahko v studiu v \u017eivo poslu\u0161ali napovedovalko, ki je brala novice. Govorila je zelo dobro in po\u010dutili sva se, kot da poslu\u0161ava radio doma.<br \/>\nNa komercialnem Radiu 1 pa nama je bilo najbolj v\u0161e\u010d, ker so govorili zelo prosto in na sme\u0161en na\u010din. V\u0161e\u010d nama je bilo tudi, da smo lahko na slu\u0161alkah poslu\u0161ale svoj glas. Bile smo tudi prve, ki smo videle nov studio, kar je bila velika \u010dast. Dobili smo tudi plastenke Radio 1.<br \/>\nNa koncu smo \u0161li \u0161e na sok Na vasi. Tam se nismo zadr\u017eali dolgo, ampak bilo pa je odli\u010dno.<br \/>\n<strong><em>Sara in Katja<\/em><\/strong><\/p>\n<p>&nbsp;<\/p>\n<p>&nbsp;<\/p>\n<p style=\"text-align: center\">\n<!-- iframe plugin v.5.2 wordpress.org\/plugins\/iframe\/ -->\n<iframe loading=\"lazy\" width=\"720\" height=\"405\" src=\"https:\/\/video.arnes.si\/embed\/92slv148xh4x\" frameborder=\"0\" webkitallowfullscreen mozallowfullscreen allowfullscreen scrolling=\"yes\" class=\"iframe-class\" name=\"ARNES\"><\/iframe>\n<\/p>\n<p style=\"text-align: center\"><em><strong>Eva na Radiu 1<\/strong><\/em><\/p>\n<p>&nbsp;<\/p>\n<p>&nbsp;<\/p>\n<p><em><strong>Fotografije: <\/strong>u\u010denke \u0161olskega novinarstva, Bernarda Pintar<\/em><\/p>\n","protected":false},"excerpt":{"rendered":"<p>Po po\u010ditnicah so poseben dan do\u017eivele \u0161olske novinarke. Obiskale so [&hellip;]<\/p>\n","protected":false},"author":56163,"featured_media":50143,"comment_status":"closed","ping_status":"open","sticky":false,"template":"","format":"standard","meta":{"ngg_post_thumbnail":0,"footnotes":""},"categories":[55,41,13],"tags":[],"class_list":["post-50076","post","type-post","status-publish","format-standard","has-post-thumbnail","hentry","category-dogajanje","category-izbirni-predmeti","category-ostalo-2-triada"],"_links":{"self":[{"href":"https:\/\/sola-poljane.splet.arnes.si\/index.php?rest_route=\/wp\/v2\/posts\/50076","targetHints":{"allow":["GET"]}}],"collection":[{"href":"https:\/\/sola-poljane.splet.arnes.si\/index.php?rest_route=\/wp\/v2\/posts"}],"about":[{"href":"https:\/\/sola-poljane.splet.arnes.si\/index.php?rest_route=\/wp\/v2\/types\/post"}],"author":[{"embeddable":true,"href":"https:\/\/sola-poljane.splet.arnes.si\/index.php?rest_route=\/wp\/v2\/users\/56163"}],"replies":[{"embeddable":true,"href":"https:\/\/sola-poljane.splet.arnes.si\/index.php?rest_route=%2Fwp%2Fv2%2Fcomments&post=50076"}],"version-history":[{"count":13,"href":"https:\/\/sola-poljane.splet.arnes.si\/index.php?rest_route=\/wp\/v2\/posts\/50076\/revisions"}],"predecessor-version":[{"id":50150,"href":"https:\/\/sola-poljane.splet.arnes.si\/index.php?rest_route=\/wp\/v2\/posts\/50076\/revisions\/50150"}],"wp:featuredmedia":[{"embeddable":true,"href":"https:\/\/sola-poljane.splet.arnes.si\/index.php?rest_route=\/wp\/v2\/media\/50143"}],"wp:attachment":[{"href":"https:\/\/sola-poljane.splet.arnes.si\/index.php?rest_route=%2Fwp%2Fv2%2Fmedia&parent=50076"}],"wp:term":[{"taxonomy":"category","embeddable":true,"href":"https:\/\/sola-poljane.splet.arnes.si\/index.php?rest_route=%2Fwp%2Fv2%2Fcategories&post=50076"},{"taxonomy":"post_tag","embeddable":true,"href":"https:\/\/sola-poljane.splet.arnes.si\/index.php?rest_route=%2Fwp%2Fv2%2Ftags&post=50076"}],"curies":[{"name":"wp","href":"https:\/\/api.w.org\/{rel}","templated":true}]}}