{"id":49829,"date":"2025-10-18T19:18:57","date_gmt":"2025-10-18T17:18:57","guid":{"rendered":"https:\/\/sola-poljane.splet.arnes.si\/?p=49829"},"modified":"2025-10-22T09:23:56","modified_gmt":"2025-10-22T07:23:56","slug":"slikarski-ex-tempore-adergas-2025","status":"publish","type":"post","link":"https:\/\/sola-poljane.splet.arnes.si\/?p=49829","title":{"rendered":"Slikarski Ex-Tempore Adergas 2025"},"content":{"rendered":"<p style=\"text-align: justify\">7. oktobra so se v okviru <span style=\"color: #ff6600\">13. likovnega natec\u030caja O\u0160 Davorina Jenka<\/span> in <span style=\"color: #ff6600\">9. Unescovega nacionalnega projekta<\/span> spet dru\u017eili mladi likovniki in ustvarjali v idilic\u030cni okolici samostana Adergas. Motivika likovnega ustvarjanja je bila na Ex-Temporu vezana na kulturno, stavbno dedi\u0161c\u030cino samostana oz. vasi Adergas. Sodelujoc\u030cim so bile predstavljene tako bogata zgodovina kot tudi stavbna in kulturna dedi\u0161c\u030cina, ki jo hrani samostan <em><span style=\"color: #ff6600\">(Kremserschmidtova in Menzingerjeva dela, mogoc\u030cne orgle, katakombe &#8230;)<\/span><\/em>. Sodelujoc\u030ci uc\u030cenci so ustvarjali po opazovanju motiva, ki so si ga izbrali sami.<\/p>\n<p style=\"text-align: justify\">Na\u0161o \u0161olo so zastopali u\u010denci <strong><span style=\"color: #ff6600\">Ana Dolenec<\/span><\/strong>, <strong><span style=\"color: #ff6600\">Kristjan Habjan<\/span><\/strong> in <strong><span style=\"color: #ff6600\">Nace Tu\u0161ek<\/span><\/strong>. Bilo je lepo. Nagrad sicer nismo dobili, nastala pa so lepa dela, ki si jih lahko ogledate.<\/p>\n<p style=\"text-align: justify\"><strong><em>Mentorica Mihaela \u017dakelj Ogrin<\/em><\/strong><\/p>\n<p style=\"text-align: center\"><span style=\"color: #008000\">**********************************<\/span><\/p>\n<p><strong>Kaj pomeni Ex-Tempore \/ ekst\u00e9mpore?<br \/>\n<\/strong><em>Izraz je rabljen na podro\u010dju umetnosti, in sicer kot poimenovanje sre\u010danja umetnikov (slikarjev, kiparjev, fotografov).<\/em><br \/>\n<em>V sloven\u0161\u010dini je izraz ex tempore <span style=\"color: #ff9900\">pisno podoma\u010den<\/span> \u017ee v slovarskem delu Slovenskega pravopisa 2001 \u2013 <span style=\"color: #ff9900\"><strong>ekst\u00e9mpore<span style=\"color: #000000\">.<\/span><\/strong><\/span><\/em><\/p>\n<p>&nbsp;<\/p>\n<div id='gallery-1' class='gallery galleryid-49829 gallery-columns-2 gallery-size-full'><figure class='gallery-item'>\n\t\t\t<div class='gallery-icon portrait'>\n\t\t\t\t<a href='https:\/\/sola-poljane.splet.arnes.si\/?attachment_id=49843'><img loading=\"lazy\" decoding=\"async\" width=\"1920\" height=\"2560\" src=\"https:\/\/sola-poljane.splet.arnes.si\/files\/2025\/10\/Izdelek-Naceta-Tusek-1-scaled.jpeg\" class=\"attachment-full size-full\" alt=\"\" aria-describedby=\"gallery-1-49843\" srcset=\"https:\/\/sola-poljane.splet.arnes.si\/files\/2025\/10\/Izdelek-Naceta-Tusek-1-scaled.jpeg 1920w, https:\/\/sola-poljane.splet.arnes.si\/files\/2025\/10\/Izdelek-Naceta-Tusek-1-225x300.jpeg 225w, https:\/\/sola-poljane.splet.arnes.si\/files\/2025\/10\/Izdelek-Naceta-Tusek-1-768x1024.jpeg 768w, https:\/\/sola-poljane.splet.arnes.si\/files\/2025\/10\/Izdelek-Naceta-Tusek-1-41x55.jpeg 41w, https:\/\/sola-poljane.splet.arnes.si\/files\/2025\/10\/Izdelek-Naceta-Tusek-1-1152x1536.jpeg 1152w, https:\/\/sola-poljane.splet.arnes.si\/files\/2025\/10\/Izdelek-Naceta-Tusek-1-1536x2048.jpeg 1536w, https:\/\/sola-poljane.splet.arnes.si\/files\/2025\/10\/Izdelek-Naceta-Tusek-1-947x1263.jpeg 947w, https:\/\/sola-poljane.splet.arnes.si\/files\/2025\/10\/Izdelek-Naceta-Tusek-1-624x832.jpeg 624w\" sizes=\"auto, (max-width: 1920px) 100vw, 1920px\" \/><\/a>\n\t\t\t<\/div>\n\t\t\t\t<figcaption class='wp-caption-text gallery-caption' id='gallery-1-49843'>\n\t\t\t\tDelo Naceta Tu\u0161ka\n\t\t\t\t<\/figcaption><\/figure><figure class='gallery-item'>\n\t\t\t<div class='gallery-icon portrait'>\n\t\t\t\t<a href='https:\/\/sola-poljane.splet.arnes.si\/?attachment_id=49842'><img loading=\"lazy\" decoding=\"async\" width=\"1920\" height=\"2560\" src=\"https:\/\/sola-poljane.splet.arnes.si\/files\/2025\/10\/Ana-Dolenec-s-svojim-izdelkom-1-scaled.jpeg\" class=\"attachment-full size-full\" alt=\"\" aria-describedby=\"gallery-1-49842\" srcset=\"https:\/\/sola-poljane.splet.arnes.si\/files\/2025\/10\/Ana-Dolenec-s-svojim-izdelkom-1-scaled.jpeg 1920w, https:\/\/sola-poljane.splet.arnes.si\/files\/2025\/10\/Ana-Dolenec-s-svojim-izdelkom-1-225x300.jpeg 225w, https:\/\/sola-poljane.splet.arnes.si\/files\/2025\/10\/Ana-Dolenec-s-svojim-izdelkom-1-768x1024.jpeg 768w, https:\/\/sola-poljane.splet.arnes.si\/files\/2025\/10\/Ana-Dolenec-s-svojim-izdelkom-1-41x55.jpeg 41w, https:\/\/sola-poljane.splet.arnes.si\/files\/2025\/10\/Ana-Dolenec-s-svojim-izdelkom-1-1152x1536.jpeg 1152w, https:\/\/sola-poljane.splet.arnes.si\/files\/2025\/10\/Ana-Dolenec-s-svojim-izdelkom-1-1536x2048.jpeg 1536w, https:\/\/sola-poljane.splet.arnes.si\/files\/2025\/10\/Ana-Dolenec-s-svojim-izdelkom-1-947x1263.jpeg 947w, https:\/\/sola-poljane.splet.arnes.si\/files\/2025\/10\/Ana-Dolenec-s-svojim-izdelkom-1-624x832.jpeg 624w\" sizes=\"auto, (max-width: 1920px) 100vw, 1920px\" \/><\/a>\n\t\t\t<\/div>\n\t\t\t\t<figcaption class='wp-caption-text gallery-caption' id='gallery-1-49842'>\n\t\t\t\tAna Dolenec s svojim izdelkom\n\t\t\t\t<\/figcaption><\/figure><figure class='gallery-item'>\n\t\t\t<div class='gallery-icon portrait'>\n\t\t\t\t<a href='https:\/\/sola-poljane.splet.arnes.si\/?attachment_id=49844'><img loading=\"lazy\" decoding=\"async\" width=\"1920\" height=\"2560\" src=\"https:\/\/sola-poljane.splet.arnes.si\/files\/2025\/10\/Kristjan-Habjan-s-svojo-sliko-1-scaled.jpeg\" class=\"attachment-full size-full\" alt=\"\" aria-describedby=\"gallery-1-49844\" srcset=\"https:\/\/sola-poljane.splet.arnes.si\/files\/2025\/10\/Kristjan-Habjan-s-svojo-sliko-1-scaled.jpeg 1920w, https:\/\/sola-poljane.splet.arnes.si\/files\/2025\/10\/Kristjan-Habjan-s-svojo-sliko-1-225x300.jpeg 225w, https:\/\/sola-poljane.splet.arnes.si\/files\/2025\/10\/Kristjan-Habjan-s-svojo-sliko-1-768x1024.jpeg 768w, https:\/\/sola-poljane.splet.arnes.si\/files\/2025\/10\/Kristjan-Habjan-s-svojo-sliko-1-41x55.jpeg 41w, https:\/\/sola-poljane.splet.arnes.si\/files\/2025\/10\/Kristjan-Habjan-s-svojo-sliko-1-1152x1536.jpeg 1152w, https:\/\/sola-poljane.splet.arnes.si\/files\/2025\/10\/Kristjan-Habjan-s-svojo-sliko-1-1536x2048.jpeg 1536w, https:\/\/sola-poljane.splet.arnes.si\/files\/2025\/10\/Kristjan-Habjan-s-svojo-sliko-1-947x1263.jpeg 947w, https:\/\/sola-poljane.splet.arnes.si\/files\/2025\/10\/Kristjan-Habjan-s-svojo-sliko-1-624x832.jpeg 624w\" sizes=\"auto, (max-width: 1920px) 100vw, 1920px\" \/><\/a>\n\t\t\t<\/div>\n\t\t\t\t<figcaption class='wp-caption-text gallery-caption' id='gallery-1-49844'>\n\t\t\t\tKristjan Habjan in njegova slika\n\t\t\t\t<\/figcaption><\/figure><figure class='gallery-item'>\n\t\t\t<div class='gallery-icon portrait'>\n\t\t\t\t<a href='https:\/\/sola-poljane.splet.arnes.si\/?attachment_id=49845'><img loading=\"lazy\" decoding=\"async\" width=\"661\" height=\"881\" src=\"https:\/\/sola-poljane.splet.arnes.si\/files\/2025\/10\/Nagrajenci-1.jpg\" class=\"attachment-full size-full\" alt=\"\" aria-describedby=\"gallery-1-49845\" srcset=\"https:\/\/sola-poljane.splet.arnes.si\/files\/2025\/10\/Nagrajenci-1.jpg 661w, https:\/\/sola-poljane.splet.arnes.si\/files\/2025\/10\/Nagrajenci-1-225x300.jpg 225w, https:\/\/sola-poljane.splet.arnes.si\/files\/2025\/10\/Nagrajenci-1-41x55.jpg 41w, https:\/\/sola-poljane.splet.arnes.si\/files\/2025\/10\/Nagrajenci-1-624x832.jpg 624w\" sizes=\"auto, (max-width: 661px) 100vw, 661px\" \/><\/a>\n\t\t\t<\/div>\n\t\t\t\t<figcaption class='wp-caption-text gallery-caption' id='gallery-1-49845'>\n\t\t\t\tNagrajenci\n\t\t\t\t<\/figcaption><\/figure>\n\t\t<\/div>\n\n<h6 style=\"text-align: center\"><a href=\"https:\/\/sola-poljane.splet.arnes.si\/files\/2025\/10\/Ana-Dolenec-s-svojim-izdelkom-scaled.jpeg\">&nbsp; &nbsp; &nbsp; &nbsp;&nbsp;<\/a>&nbsp;<\/h6>\n<h6 style=\"text-align: center\">&nbsp;<\/h6>\n<p>&nbsp;<\/p>\n<h6><a href=\"https:\/\/sola-poljane.splet.arnes.si\/files\/2025\/10\/Kristjan-Habjan-s-svojo-sliko-scaled.jpeg\">&nbsp; &nbsp; &nbsp; &nbsp; &nbsp;&nbsp;<\/a> &nbsp; &nbsp; &nbsp; &nbsp; &nbsp; &nbsp; &nbsp;<em>&nbsp; &nbsp;<\/em><\/h6>\n","protected":false},"excerpt":{"rendered":"<p>7. oktobra so se v okviru 13. likovnega natec\u030caja O\u0160 [&hellip;]<\/p>\n","protected":false},"author":56163,"featured_media":49838,"comment_status":"closed","ping_status":"open","sticky":false,"template":"","format":"standard","meta":{"ngg_post_thumbnail":0,"footnotes":""},"categories":[55,37,61],"tags":[],"class_list":["post-49829","post","type-post","status-publish","format-standard","has-post-thumbnail","hentry","category-dogajanje","category-natecaji","category-unesco"],"_links":{"self":[{"href":"https:\/\/sola-poljane.splet.arnes.si\/index.php?rest_route=\/wp\/v2\/posts\/49829","targetHints":{"allow":["GET"]}}],"collection":[{"href":"https:\/\/sola-poljane.splet.arnes.si\/index.php?rest_route=\/wp\/v2\/posts"}],"about":[{"href":"https:\/\/sola-poljane.splet.arnes.si\/index.php?rest_route=\/wp\/v2\/types\/post"}],"author":[{"embeddable":true,"href":"https:\/\/sola-poljane.splet.arnes.si\/index.php?rest_route=\/wp\/v2\/users\/56163"}],"replies":[{"embeddable":true,"href":"https:\/\/sola-poljane.splet.arnes.si\/index.php?rest_route=%2Fwp%2Fv2%2Fcomments&post=49829"}],"version-history":[{"count":9,"href":"https:\/\/sola-poljane.splet.arnes.si\/index.php?rest_route=\/wp\/v2\/posts\/49829\/revisions"}],"predecessor-version":[{"id":49911,"href":"https:\/\/sola-poljane.splet.arnes.si\/index.php?rest_route=\/wp\/v2\/posts\/49829\/revisions\/49911"}],"wp:featuredmedia":[{"embeddable":true,"href":"https:\/\/sola-poljane.splet.arnes.si\/index.php?rest_route=\/wp\/v2\/media\/49838"}],"wp:attachment":[{"href":"https:\/\/sola-poljane.splet.arnes.si\/index.php?rest_route=%2Fwp%2Fv2%2Fmedia&parent=49829"}],"wp:term":[{"taxonomy":"category","embeddable":true,"href":"https:\/\/sola-poljane.splet.arnes.si\/index.php?rest_route=%2Fwp%2Fv2%2Fcategories&post=49829"},{"taxonomy":"post_tag","embeddable":true,"href":"https:\/\/sola-poljane.splet.arnes.si\/index.php?rest_route=%2Fwp%2Fv2%2Ftags&post=49829"}],"curies":[{"name":"wp","href":"https:\/\/api.w.org\/{rel}","templated":true}]}}