{"id":49813,"date":"2025-10-15T20:59:47","date_gmt":"2025-10-15T18:59:47","guid":{"rendered":"https:\/\/sola-poljane.splet.arnes.si\/?p=49813"},"modified":"2025-10-15T20:59:47","modified_gmt":"2025-10-15T18:59:47","slug":"16-oktober-svetovni-dan-hrane-5","status":"publish","type":"post","link":"https:\/\/sola-poljane.splet.arnes.si\/?p=49813","title":{"rendered":"16. oktober \u2013 svetovni dan hrane"},"content":{"rendered":"<p style=\"text-align: justify\"><em>Svetovni dan hrane je uvedla Organizacija zdru\u017eenih narodov za prehrano in kmetijstvo (FAO), ki je bila ustanovljena 16. oktobra 1945. Glavni namen svetovnega dneva hrane je opozarjanje, da v svetu \u017eivi veliko \u0161tevilo ljudi, ki trpi za pomanjkanjem hrane.<\/em><\/p>\n<p><a href=\"https:\/\/sola-poljane.splet.arnes.si\/files\/2025\/10\/1.jpg\">&nbsp; &nbsp; &nbsp; &nbsp;<img loading=\"lazy\" decoding=\"async\" class=\"alignnone  wp-image-49817\" src=\"https:\/\/sola-poljane.splet.arnes.si\/files\/2025\/10\/1.jpg\" alt=\"\" width=\"206\" height=\"310\" srcset=\"https:\/\/sola-poljane.splet.arnes.si\/files\/2025\/10\/1.jpg 183w, https:\/\/sola-poljane.splet.arnes.si\/files\/2025\/10\/1-37x55.jpg 37w\" sizes=\"auto, (max-width: 206px) 100vw, 206px\" \/>&nbsp; &nbsp; &nbsp; &nbsp; &nbsp; &nbsp;<\/a><a href=\"https:\/\/sola-poljane.splet.arnes.si\/files\/2025\/10\/2.png\"><img loading=\"lazy\" decoding=\"async\" class=\"alignnone  wp-image-49816\" src=\"https:\/\/sola-poljane.splet.arnes.si\/files\/2025\/10\/2.png\" alt=\"\" width=\"414\" height=\"310\" srcset=\"https:\/\/sola-poljane.splet.arnes.si\/files\/2025\/10\/2.png 800w, https:\/\/sola-poljane.splet.arnes.si\/files\/2025\/10\/2-300x225.png 300w, https:\/\/sola-poljane.splet.arnes.si\/files\/2025\/10\/2-768x576.png 768w, https:\/\/sola-poljane.splet.arnes.si\/files\/2025\/10\/2-73x55.png 73w, https:\/\/sola-poljane.splet.arnes.si\/files\/2025\/10\/2-624x468.png 624w\" sizes=\"auto, (max-width: 414px) 100vw, 414px\" \/><\/a><\/p>\n<p>&nbsp;<\/p>\n<p style=\"text-align: justify\">Skoraj 673 milijonov ljudi trpi zaradi lakote, hkrati pa se soo\u010damo s porastom debelosti, velikimi izgubami hrane in degradacijo naravnih virov.<\/p>\n<p style=\"text-align: justify\">Leto\u0161nja tema je&nbsp;<span style=\"color: #008000\"><strong>&#8220;Z roko v roki za bolj\u0161o hrano in bolj\u0161o prihodnost&#8221;<\/strong><\/span>, z njo pa \u017eeli FAO spomniti na premi\u0161ljeno in trajnostno porabo hrane ter poudariti lokalno in sezonsko pridelano hrano.<\/p>\n<p style=\"text-align: justify\">V sodobnem \u010dasu, ko se svet soo\u010da z resnimi prehranskimi izzivi, postaja jasno, da prehrana ni le osebna izbira, temve\u010d dru\u017ebeno in kulturno vpra\u0161anje. Mladi pri tem igrajo klju\u010dno vlogo, saj ne gre le za pasivne prejemnike informacij, temve\u010d za aktivne soustvarjalce sprememb. Z ustreznim znanjem in motiviranostjo ter vklju\u010devanjem v odlo\u010ditve lahko postanejo ambasadorji zdrave in trajnostne prehrane v \u0161olah, doma in v \u0161ir\u0161i skupnosti. \u00bb<em>Zdrave navade se ne razvijejo \u010dez no\u010d, temve\u010d so rezultat sistemati\u010dnega u\u010denja in izku\u0161enj, ki se za\u010dnejo doma ter nadaljujejo v vrtcu in \u0161oli<\/em>\u00ab.<\/p>\n<p style=\"text-align: justify\">Zdrav odnos do hrane, ki se za\u010dne oblikovati v otro\u0161tvu in spremlja \u010dloveka vse \u017eivljenje, mo\u010dno vpliva na njegovo zdravje, dobro po\u010dutje in tudi okolje, v katerem \u017eivi.&nbsp;<\/p>\n<p style=\"text-align: justify\">Naj nam bo obele\u017eevanje omenjenega dne spodbuda k poglobljenemu razmi\u0161ljanju in aktivnostim o pomembnosti prehrane in prehranjevanja ter modremu in var\u010dnemu ravnanju z naravnimi viri, \u010demur je tudi posve\u010den&nbsp;<strong><span style=\"color: #008000\">SVETOVNI DAN HRANE \u2013 16. oktober<\/span>.<\/strong><\/p>\n<p><strong>&nbsp;<\/strong><\/p>\n<p><strong><em>Irena Tehovnik<\/em><\/strong><\/p>\n<p><strong>&nbsp;<\/strong><\/p>\n<p><em>Viri:<\/em><\/p>\n<ul>\n<li><a href=\"https:\/\/www.prehrana.si\/clanek\/885-svetovni-dan-hrane-2025\"><em>https:\/\/www.prehrana.si\/clanek\/885-svetovni-dan-hrane-2025<\/em><\/a><\/li>\n<li><a href=\"https:\/\/nijz.si\/zivljenjski-slog\/prehrana\/solska-prehrana-vec-kot-le-obrok-med-poukom\/\"><em>https:\/\/nijz.si\/zivljenjski-slog\/prehrana\/solska-prehrana-vec-kot-le-obrok-med-poukom\/<\/em><\/a><\/li>\n<li><a href=\"https:\/\/skupnost.sio.si\/course\/section.php?id=96426\"><em>https:\/\/skupnost.sio.si\/course\/section.php?id=96426<\/em><\/a><\/li>\n<\/ul>\n<p><em>&nbsp;<\/em><\/p>\n<p><em>&nbsp;<\/em><\/p>\n","protected":false},"excerpt":{"rendered":"<p>Svetovni dan hrane je uvedla Organizacija zdru\u017eenih narodov za prehrano [&hellip;]<\/p>\n","protected":false},"author":56163,"featured_media":49815,"comment_status":"closed","ping_status":"open","sticky":false,"template":"","format":"standard","meta":{"ngg_post_thumbnail":0,"footnotes":""},"categories":[55,63],"tags":[],"class_list":["post-49813","post","type-post","status-publish","format-standard","has-post-thumbnail","hentry","category-dogajanje","category-zdrava-sola"],"_links":{"self":[{"href":"https:\/\/sola-poljane.splet.arnes.si\/index.php?rest_route=\/wp\/v2\/posts\/49813","targetHints":{"allow":["GET"]}}],"collection":[{"href":"https:\/\/sola-poljane.splet.arnes.si\/index.php?rest_route=\/wp\/v2\/posts"}],"about":[{"href":"https:\/\/sola-poljane.splet.arnes.si\/index.php?rest_route=\/wp\/v2\/types\/post"}],"author":[{"embeddable":true,"href":"https:\/\/sola-poljane.splet.arnes.si\/index.php?rest_route=\/wp\/v2\/users\/56163"}],"replies":[{"embeddable":true,"href":"https:\/\/sola-poljane.splet.arnes.si\/index.php?rest_route=%2Fwp%2Fv2%2Fcomments&post=49813"}],"version-history":[{"count":2,"href":"https:\/\/sola-poljane.splet.arnes.si\/index.php?rest_route=\/wp\/v2\/posts\/49813\/revisions"}],"predecessor-version":[{"id":49818,"href":"https:\/\/sola-poljane.splet.arnes.si\/index.php?rest_route=\/wp\/v2\/posts\/49813\/revisions\/49818"}],"wp:featuredmedia":[{"embeddable":true,"href":"https:\/\/sola-poljane.splet.arnes.si\/index.php?rest_route=\/wp\/v2\/media\/49815"}],"wp:attachment":[{"href":"https:\/\/sola-poljane.splet.arnes.si\/index.php?rest_route=%2Fwp%2Fv2%2Fmedia&parent=49813"}],"wp:term":[{"taxonomy":"category","embeddable":true,"href":"https:\/\/sola-poljane.splet.arnes.si\/index.php?rest_route=%2Fwp%2Fv2%2Fcategories&post=49813"},{"taxonomy":"post_tag","embeddable":true,"href":"https:\/\/sola-poljane.splet.arnes.si\/index.php?rest_route=%2Fwp%2Fv2%2Ftags&post=49813"}],"curies":[{"name":"wp","href":"https:\/\/api.w.org\/{rel}","templated":true}]}}