{"id":49484,"date":"2025-10-10T19:46:40","date_gmt":"2025-10-10T17:46:40","guid":{"rendered":"https:\/\/sola-poljane.splet.arnes.si\/?p=49484"},"modified":"2025-10-13T20:50:50","modified_gmt":"2025-10-13T18:50:50","slug":"teden-otroka-v-znamenju-hvaleznosti-in-medgeneracijskega-druzenja","status":"publish","type":"post","link":"https:\/\/sola-poljane.splet.arnes.si\/?p=49484","title":{"rendered":"Teden otroka v znamenju hvale\u017enosti in medgeneracijskega dru\u017eenja"},"content":{"rendered":"<p style=\"text-align: justify\">Na O\u0160 Poljane smo leto\u0161nji <span style=\"color: #3366ff\">Teden otroka<\/span> s \u0161olsko skupnostjo obele\u017eili na tradicionalno poseben na\u010din \u2013 povezali smo se v duhu medgeneracijskega dru\u017eenja pod skupno temo <em><span style=\"color: #3366ff\"><strong>\u00bbHvale\u017enost ti bo krila dala \u2013 vedno reci prosim in hvala!\u00ab<\/strong><\/span><\/em><\/p>\n<p style=\"text-align: justify\">Ves teden so potekale raznolike dejavnosti, ki so otrokom pribli\u017eale vrednote hvale\u017enosti, spo\u0161tovanja in medsebojne povezanosti. Skupaj smo iskali <span style=\"color: #3366ff\"><strong>bralni zaklad<\/strong><\/span>, se potopili v \u010darobni svet knjig in se pogovarjali o tem, za kaj vse smo lahko hvale\u017eni \u2013 od drobnih vsakdanjih trenutkov do ljudi, ki nas obkro\u017eajo.<\/p>\n<p style=\"text-align: justify\"><span style=\"color: #3366ff\">Posebno vlogo so imeli u\u010denci O\u0160 Poljane<\/span>, ki so z izjemno predanostjo vodili dejavnosti, brali mlaj\u0161im otrokom, jih spodbujali k razmi\u0161ljanju in ustvarjanju. Njihova prisotnost je bila neprecenljiva \u2013 pokazali so, kako pomembno je, da starej\u0161i otroci namenijo svoj \u010das mlaj\u0161im in s tem gradijo mostove med generacijami.<\/p>\n<p style=\"text-align: justify\">Z velikim ponosom in hvale\u017enostjo zremo na na\u0161e u\u010dence, ki so dokazali, da imajo odprta srca in zmo\u017enost voditi z zgledom. Njihova anga\u017eiranost je otrokom iz Vrtca Agata podarila nepozabne trenutke, polne topline, smeha in skupnega u\u010denja.<\/p>\n<p style=\"text-align: justify\">Naj nas sporo\u010dilo tega tedna spremlja \u0161e naprej: <span style=\"color: #3366ff\"><strong><em>Hvale\u017enost res daje krila \u2013 in kadar re\u010demo prosim ter hvala, gradimo svet, v katerem je lepo \u017eiveti.<\/em><\/strong><\/span><\/p>\n<p>&nbsp;<\/p>\n<p><em><strong>Barbara Burjek, mentorica \u0161olske skupnosti<\/strong><\/em><\/p>\n<p>&nbsp;<\/p>\nngg_shortcode_0_placeholder\n<p><span style=\"color: #0000ff\"><strong>Prisluhnite vtisom u\u010denk in u\u010dencev iz 1. a in 1. b razreda <\/strong>(posneli sta jih Ne\u017ea in Loti iz. 9. a)<strong>:<\/strong><\/span><\/p>\n<audio class=\"wp-audio-shortcode\" id=\"audio-49484-1\" preload=\"none\" style=\"width: 100%;\" controls=\"controls\"><source type=\"audio\/mpeg\" src=\"https:\/\/sola-poljane.splet.arnes.si\/files\/2025\/10\/Miks.mp3?_=1\" \/><a href=\"https:\/\/sola-poljane.splet.arnes.si\/files\/2025\/10\/Miks.mp3\">https:\/\/sola-poljane.splet.arnes.si\/files\/2025\/10\/Miks.mp3<\/a><\/audio>\n<p>&nbsp;<\/p>\n<p><span style=\"color: #0000ff\"><strong>Kaj pa si bodo zapomnile \u0161esto\u0161olke Ajda, Doroteja, Ne\u017ea in Alenka, ki so mlaj\u0161e otroke vodile skozi dejavnosti <\/strong>(spra\u0161evala mentorica Barbara Burjek)<strong>:<\/strong><\/span><\/p>\n<audio class=\"wp-audio-shortcode\" id=\"audio-49484-2\" preload=\"none\" style=\"width: 100%;\" controls=\"controls\"><source type=\"audio\/mpeg\" src=\"https:\/\/sola-poljane.splet.arnes.si\/files\/2025\/10\/Misli-deklet-iz-6.a-Ajda-Doroteja-Neza-in-Alenka.mp3?_=2\" \/><a href=\"https:\/\/sola-poljane.splet.arnes.si\/files\/2025\/10\/Misli-deklet-iz-6.a-Ajda-Doroteja-Neza-in-Alenka.mp3\">https:\/\/sola-poljane.splet.arnes.si\/files\/2025\/10\/Misli-deklet-iz-6.a-Ajda-Doroteja-Neza-in-Alenka.mp3<\/a><\/audio>\n<p>&nbsp;<\/p>\n<p>Prispevek o tednu otroka so predvajali tudi na <span style=\"color: #3366ff\"><strong>Radiu Sora<\/strong><\/span> v rubriki <a href=\"https:\/\/www.radio-sora.si\/arhiv-oddaj\/sola-kaj-dogaja\/122\">\u0160ola, kaj dogaja<\/a>. Prebrala ga je deveto\u0161olka Ne\u017ea.<\/p>\n<p>&nbsp;<\/p>\n","protected":false},"excerpt":{"rendered":"<p>Na O\u0160 Poljane smo leto\u0161nji Teden otroka s \u0161olsko skupnostjo [&hellip;]<\/p>\n","protected":false},"author":56163,"featured_media":49501,"comment_status":"closed","ping_status":"open","sticky":false,"template":"","format":"standard","meta":{"ngg_post_thumbnail":0,"footnotes":""},"categories":[33,35,39,55,61],"tags":[],"class_list":["post-49484","post","type-post","status-publish","format-standard","has-post-thumbnail","hentry","category-1-triletje","category-2-triletje","category-3-triletje","category-dogajanje","category-unesco"],"_links":{"self":[{"href":"https:\/\/sola-poljane.splet.arnes.si\/index.php?rest_route=\/wp\/v2\/posts\/49484","targetHints":{"allow":["GET"]}}],"collection":[{"href":"https:\/\/sola-poljane.splet.arnes.si\/index.php?rest_route=\/wp\/v2\/posts"}],"about":[{"href":"https:\/\/sola-poljane.splet.arnes.si\/index.php?rest_route=\/wp\/v2\/types\/post"}],"author":[{"embeddable":true,"href":"https:\/\/sola-poljane.splet.arnes.si\/index.php?rest_route=\/wp\/v2\/users\/56163"}],"replies":[{"embeddable":true,"href":"https:\/\/sola-poljane.splet.arnes.si\/index.php?rest_route=%2Fwp%2Fv2%2Fcomments&post=49484"}],"version-history":[{"count":8,"href":"https:\/\/sola-poljane.splet.arnes.si\/index.php?rest_route=\/wp\/v2\/posts\/49484\/revisions"}],"predecessor-version":[{"id":49628,"href":"https:\/\/sola-poljane.splet.arnes.si\/index.php?rest_route=\/wp\/v2\/posts\/49484\/revisions\/49628"}],"wp:featuredmedia":[{"embeddable":true,"href":"https:\/\/sola-poljane.splet.arnes.si\/index.php?rest_route=\/wp\/v2\/media\/49501"}],"wp:attachment":[{"href":"https:\/\/sola-poljane.splet.arnes.si\/index.php?rest_route=%2Fwp%2Fv2%2Fmedia&parent=49484"}],"wp:term":[{"taxonomy":"category","embeddable":true,"href":"https:\/\/sola-poljane.splet.arnes.si\/index.php?rest_route=%2Fwp%2Fv2%2Fcategories&post=49484"},{"taxonomy":"post_tag","embeddable":true,"href":"https:\/\/sola-poljane.splet.arnes.si\/index.php?rest_route=%2Fwp%2Fv2%2Ftags&post=49484"}],"curies":[{"name":"wp","href":"https:\/\/api.w.org\/{rel}","templated":true}]}}