{"id":49429,"date":"2025-10-09T18:02:53","date_gmt":"2025-10-09T16:02:53","guid":{"rendered":"https:\/\/sola-poljane.splet.arnes.si\/?p=49429"},"modified":"2025-10-09T18:04:38","modified_gmt":"2025-10-09T16:04:38","slug":"sportni-dan-jesenska-pravljica-prvosolcev","status":"publish","type":"post","link":"https:\/\/sola-poljane.splet.arnes.si\/?p=49429","title":{"rendered":"\u0160portni dan: Jesenska pravljica prvo\u0161olcev"},"content":{"rendered":"<p style=\"text-align: justify\">Sreda, 8. oktobra, se je za na\u0161e najmlaj\u0161e, prvo\u0161olce, prelevila v \u010dudovit \u0161portni dan. Prijazen jesenski dan nas je zvabil na sve\u017e zrak, kjer so otroci zares u\u017eivali.<br \/>\nS polnimi plju\u010di sve\u017eega zraka so nabirali jesenske plodove \u2013 kostanje \u2013 ter se potopili v opazovanje narave. Z radovednimi o\u010dmi so ob\u010dudovali tudi drobne mojstrovine, na katerih se je posvetila jutranja rosa: ble\u0161\u010de\u010de se pajkove mre\u017ee, ki so krasile grmovje.<br \/>\n\u0160portni dan je bil popolna me\u0161anica gibanja, u\u010denja in veselja, ki je v srca prvo\u0161olcev prinesla toplino prave jesenske pustolov\u0161\u010dine.<\/p>\n<p style=\"text-align: justify\"><em><strong>U\u010diteljice 1. razreda<\/strong><\/em><\/p>\n<p>&nbsp;<\/p>\nngg_shortcode_0_placeholder\n","protected":false},"excerpt":{"rendered":"<p>Sreda, 8. oktobra, se je za na\u0161e najmlaj\u0161e, prvo\u0161olce, prelevila [&hellip;]<\/p>\n","protected":false},"author":56163,"featured_media":49454,"comment_status":"closed","ping_status":"open","sticky":false,"template":"","format":"standard","meta":{"ngg_post_thumbnail":0,"footnotes":""},"categories":[7,55],"tags":[],"class_list":["post-49429","post","type-post","status-publish","format-standard","has-post-thumbnail","hentry","category-dnevi-dejavnosti","category-dogajanje"],"_links":{"self":[{"href":"https:\/\/sola-poljane.splet.arnes.si\/index.php?rest_route=\/wp\/v2\/posts\/49429","targetHints":{"allow":["GET"]}}],"collection":[{"href":"https:\/\/sola-poljane.splet.arnes.si\/index.php?rest_route=\/wp\/v2\/posts"}],"about":[{"href":"https:\/\/sola-poljane.splet.arnes.si\/index.php?rest_route=\/wp\/v2\/types\/post"}],"author":[{"embeddable":true,"href":"https:\/\/sola-poljane.splet.arnes.si\/index.php?rest_route=\/wp\/v2\/users\/56163"}],"replies":[{"embeddable":true,"href":"https:\/\/sola-poljane.splet.arnes.si\/index.php?rest_route=%2Fwp%2Fv2%2Fcomments&post=49429"}],"version-history":[{"count":3,"href":"https:\/\/sola-poljane.splet.arnes.si\/index.php?rest_route=\/wp\/v2\/posts\/49429\/revisions"}],"predecessor-version":[{"id":49453,"href":"https:\/\/sola-poljane.splet.arnes.si\/index.php?rest_route=\/wp\/v2\/posts\/49429\/revisions\/49453"}],"wp:featuredmedia":[{"embeddable":true,"href":"https:\/\/sola-poljane.splet.arnes.si\/index.php?rest_route=\/wp\/v2\/media\/49454"}],"wp:attachment":[{"href":"https:\/\/sola-poljane.splet.arnes.si\/index.php?rest_route=%2Fwp%2Fv2%2Fmedia&parent=49429"}],"wp:term":[{"taxonomy":"category","embeddable":true,"href":"https:\/\/sola-poljane.splet.arnes.si\/index.php?rest_route=%2Fwp%2Fv2%2Fcategories&post=49429"},{"taxonomy":"post_tag","embeddable":true,"href":"https:\/\/sola-poljane.splet.arnes.si\/index.php?rest_route=%2Fwp%2Fv2%2Ftags&post=49429"}],"curies":[{"name":"wp","href":"https:\/\/api.w.org\/{rel}","templated":true}]}}