{"id":49406,"date":"2025-10-07T21:15:28","date_gmt":"2025-10-07T19:15:28","guid":{"rendered":"https:\/\/sola-poljane.splet.arnes.si\/?p=49406"},"modified":"2025-10-07T21:15:28","modified_gmt":"2025-10-07T19:15:28","slug":"tretjesolci-na-kostanjevem-pohodu","status":"publish","type":"post","link":"https:\/\/sola-poljane.splet.arnes.si\/?p=49406","title":{"rendered":"Tretje\u0161olci na kostanjevem pohodu"},"content":{"rendered":"<p style=\"text-align: justify\"><span style=\"color: #008000\">Teden otroka<\/span> smo s tretje\u0161olci za\u010deli s posebnim ponedeljkom. Odpravili smo se na pohod. Malce v skrbeh sicer, \u010de nam je de\u017eevna nedelja morda le nekoliko preve\u010d namo\u010dila za\u010drtano pot. Izpred \u0161ole smo krenili \u010dez Kov\u010dek proti Vinharjam. Na\u0161 cilj je bil sveti Urban nad Dobravo, a nas je kostanj pod podplati tako zelo premamil, da smo obrnili na poti proti Ba\u010dnam in se raje posvetili nabiranju gozdnih plodov, ki nam jih je radodarno nasula jesen. S polnimi \u017eepi, vre\u010dkami in nekateri celo s polnimi nahrbtniki smo dobrovoljni pregnali jutranjo meglo in se na kosilo vrnili v s soncem obsijane Poljane.<\/p>\n<p style=\"text-align: justify\"><em><strong>Mateja Tu\u0161ek in Alenka Ortar s tretje\u0161olci<\/strong><\/em><\/p>\n<p>&nbsp;<\/p>\nngg_shortcode_0_placeholder\n","protected":false},"excerpt":{"rendered":"<p>Teden otroka smo s tretje\u0161olci za\u010deli s posebnim ponedeljkom. Odpravili [&hellip;]<\/p>\n","protected":false},"author":56163,"featured_media":49425,"comment_status":"closed","ping_status":"open","sticky":false,"template":"","format":"standard","meta":{"ngg_post_thumbnail":0,"footnotes":""},"categories":[7,55],"tags":[],"class_list":["post-49406","post","type-post","status-publish","format-standard","has-post-thumbnail","hentry","category-dnevi-dejavnosti","category-dogajanje"],"_links":{"self":[{"href":"https:\/\/sola-poljane.splet.arnes.si\/index.php?rest_route=\/wp\/v2\/posts\/49406","targetHints":{"allow":["GET"]}}],"collection":[{"href":"https:\/\/sola-poljane.splet.arnes.si\/index.php?rest_route=\/wp\/v2\/posts"}],"about":[{"href":"https:\/\/sola-poljane.splet.arnes.si\/index.php?rest_route=\/wp\/v2\/types\/post"}],"author":[{"embeddable":true,"href":"https:\/\/sola-poljane.splet.arnes.si\/index.php?rest_route=\/wp\/v2\/users\/56163"}],"replies":[{"embeddable":true,"href":"https:\/\/sola-poljane.splet.arnes.si\/index.php?rest_route=%2Fwp%2Fv2%2Fcomments&post=49406"}],"version-history":[{"count":3,"href":"https:\/\/sola-poljane.splet.arnes.si\/index.php?rest_route=\/wp\/v2\/posts\/49406\/revisions"}],"predecessor-version":[{"id":49426,"href":"https:\/\/sola-poljane.splet.arnes.si\/index.php?rest_route=\/wp\/v2\/posts\/49406\/revisions\/49426"}],"wp:featuredmedia":[{"embeddable":true,"href":"https:\/\/sola-poljane.splet.arnes.si\/index.php?rest_route=\/wp\/v2\/media\/49425"}],"wp:attachment":[{"href":"https:\/\/sola-poljane.splet.arnes.si\/index.php?rest_route=%2Fwp%2Fv2%2Fmedia&parent=49406"}],"wp:term":[{"taxonomy":"category","embeddable":true,"href":"https:\/\/sola-poljane.splet.arnes.si\/index.php?rest_route=%2Fwp%2Fv2%2Fcategories&post=49406"},{"taxonomy":"post_tag","embeddable":true,"href":"https:\/\/sola-poljane.splet.arnes.si\/index.php?rest_route=%2Fwp%2Fv2%2Ftags&post=49406"}],"curies":[{"name":"wp","href":"https:\/\/api.w.org\/{rel}","templated":true}]}}