{"id":49259,"date":"2025-09-29T11:26:32","date_gmt":"2025-09-29T09:26:32","guid":{"rendered":"https:\/\/sola-poljane.splet.arnes.si\/?p=49259"},"modified":"2025-09-29T11:30:23","modified_gmt":"2025-09-29T09:30:23","slug":"29-september-mednarodni-dan-ozavescanja-o-izgubah-hrane-in-odpadni-hrani","status":"publish","type":"post","link":"https:\/\/sola-poljane.splet.arnes.si\/?p=49259","title":{"rendered":"29. september \u2013 mednarodni dan ozave\u0161\u010danja o izgubah hrane in odpadni hrani"},"content":{"rendered":"<p style=\"text-align: justify\">Vsako leto 29. septembra obele\u017eujemo mednarodni dan ozave\u0161\u010danja o izgubah hrane in odpadni hrani. Pobuda Generalne skup\u0161\u010dine Zdru\u017eenih narodov nas \u017ee \u0161esto leto zapored opominja, da ima vsak kos hrane svojo vrednost, tako za okolje, gospodarstvo in za nas same. Leto\u0161nja tema poziva k okrepitvi skupnih prizadevanj, saj je zmanj\u0161evanje izgub hrane klju\u010d do trajnostne prihodnosti.<\/p>\n<p style=\"text-align: justify\">Podatki razkrivajo zaskrbljujo\u010de stanje. V <strong>letu 2024 <\/strong>smo v Sloveniji zavrgli kar <strong>168.318 ton hrane, kar je 2 % ve\u010d kot leto prej<\/strong>. Najve\u010d hrane pristane med odpadki v gospodinjstvih. Skoraj polovica vse odpadne hrane nastane doma, kar bi lahko z nekaj premi\u0161ljenimi koraki prepre\u010dili. \u010ce pogledamo osebno:&nbsp;<strong>vsak prebivalec Slovenije zavr\u017ee povpre\u010dno 79 kilogramov hrane na leto.&nbsp;<\/strong>Pomemben dele\u017e k odpadni hrani prispevajo tudi gostinstvo, stre\u017eba, trgovina in proizvodnja.<\/p>\n<p style=\"text-align: justify\">Ko hrana kon\u010da v smeteh, ne izgine samo \u017eivilo, ampak tudi vsi vlo\u017eeni viri: voda, energija, delo kmetov, predelovalcev in sredstva podjetij. To pomeni pove\u010dane stro\u0161ke, izgubljene naravne vire in dodatno obremenitev za okolje. Zmanj\u0161evanje izgub hrane zato ni le osebna odlo\u010ditev, ampak skupna odgovornost.<\/p>\n<p style=\"text-align: justify\"><strong>Kako lahko prispevamo \u017ee danes:<\/strong><\/p>\n<ul style=\"text-align: justify\">\n<li>bolj premi\u0161ljeno nakupujemo,<\/li>\n<li>na\u010drtujemo obroke,<\/li>\n<li>pravilno shranjujemo hrano,<\/li>\n<li>ustvarjalno uporabimo ostanke.<\/li>\n<\/ul>\n<p style=\"text-align: justify\"><strong>V gostinstvu<\/strong> pomagajo manj\u0161e porcije, bolj\u0161a organizacija nabave in doniranje vi\u0161ka hrane, v trgovini pa odgovorno naro\u010danje in spodbujanje potro\u0161nikov k izbiri lokalnih in sezonskih izdelkov.<\/p>\n<p style=\"text-align: justify\"><strong><span style=\"color: #339966\">V okviru organizirane \u0161olske prehrane posebno pozornost posve\u010damo odgovornemu odnosu do hrane.<\/span><br \/>\n<\/strong>\u0160ola ima pomembno vzgojno in izobra\u017eevalno vlogo pri razvijanju zavesti o zdravi prehrani, zdravih prehranjevalnih navadah, kulturi prehranjevanja in razvijanju odgovornega odnosa do hrane ter zmanj\u0161anju koli\u010din odpadne hrane.<\/p>\n<p style=\"text-align: justify\"><span style=\"color: #339966\">Posvetimo nekaj trenutkov tej temi tudi doma in se z otroki pogovarjajmo o odgovornem odnosu do hrane. Pomembno je, da odrasli s svojimi besedami in zgledom spodbudimo otroke k spremembam.<\/span><\/p>\n<p><span style=\"color: #339966\"><strong><span style=\"text-decoration: underline\">Preberite \u0161e<\/span>:<\/strong><\/span><\/p>\n<ul>\n<li><a href=\"https:\/\/sola-poljane.splet.arnes.si\/files\/2025\/09\/IZOBRAZIMO-SE-O-ROKIH-UPORABE.pdf\">IZOBRAZIMO SE O ROKIH UPORABE&nbsp;<\/a><\/li>\n<li><a href=\"https:\/\/sola-poljane.splet.arnes.si\/files\/2025\/09\/9-NAMIGOV-PROTI-ODPADNI-HRANI.pdf\">9 NAMIGOV PROTI ODPADNI HRANI<\/a><\/li>\n<\/ul>\n<p>&nbsp;<\/p>\n<p><strong><em>Irena Tehovnik<\/em><\/strong><\/p>\n<p>&nbsp;<\/p>\n<p><a href=\"https:\/\/sola-poljane.splet.arnes.si\/files\/2025\/09\/9namigov.png\"><img loading=\"lazy\" decoding=\"async\" class=\"alignnone size-full wp-image-49262\" src=\"https:\/\/sola-poljane.splet.arnes.si\/files\/2025\/09\/9namigov.png\" alt=\"\" width=\"1169\" height=\"822\" srcset=\"https:\/\/sola-poljane.splet.arnes.si\/files\/2025\/09\/9namigov.png 1169w, https:\/\/sola-poljane.splet.arnes.si\/files\/2025\/09\/9namigov-300x211.png 300w, https:\/\/sola-poljane.splet.arnes.si\/files\/2025\/09\/9namigov-1024x720.png 1024w, https:\/\/sola-poljane.splet.arnes.si\/files\/2025\/09\/9namigov-768x540.png 768w, https:\/\/sola-poljane.splet.arnes.si\/files\/2025\/09\/9namigov-78x55.png 78w, https:\/\/sola-poljane.splet.arnes.si\/files\/2025\/09\/9namigov-947x666.png 947w, https:\/\/sola-poljane.splet.arnes.si\/files\/2025\/09\/9namigov-624x439.png 624w\" sizes=\"auto, (max-width: 1169px) 100vw, 1169px\" \/><\/a><\/p>\n<p>&nbsp;<\/p>\n<p>Povzeto po:<\/p>\n<ul>\n<li><a href=\"https:\/\/www.prehrana.si\/clanek\/881-mednarodni-dan-ozavescanja-o-izgubah-hrane-in-odpadni-hrani-2025\">https:\/\/www.prehrana.si\/clanek\/881-mednarodni-dan-ozavescanja-o-izgubah-hrane-in-odpadni-hrani-2025<\/a>, 29. 9. 2025<\/li>\n<\/ul>\n","protected":false},"excerpt":{"rendered":"<p>Vsako leto 29. septembra obele\u017eujemo mednarodni dan ozave\u0161\u010danja o izgubah [&hellip;]<\/p>\n","protected":false},"author":56163,"featured_media":49264,"comment_status":"closed","ping_status":"open","sticky":false,"template":"","format":"standard","meta":{"ngg_post_thumbnail":0,"footnotes":""},"categories":[55,23,63],"tags":[],"class_list":["post-49259","post","type-post","status-publish","format-standard","has-post-thumbnail","hentry","category-dogajanje","category-ostale-kategorije","category-zdrava-sola"],"_links":{"self":[{"href":"https:\/\/sola-poljane.splet.arnes.si\/index.php?rest_route=\/wp\/v2\/posts\/49259","targetHints":{"allow":["GET"]}}],"collection":[{"href":"https:\/\/sola-poljane.splet.arnes.si\/index.php?rest_route=\/wp\/v2\/posts"}],"about":[{"href":"https:\/\/sola-poljane.splet.arnes.si\/index.php?rest_route=\/wp\/v2\/types\/post"}],"author":[{"embeddable":true,"href":"https:\/\/sola-poljane.splet.arnes.si\/index.php?rest_route=\/wp\/v2\/users\/56163"}],"replies":[{"embeddable":true,"href":"https:\/\/sola-poljane.splet.arnes.si\/index.php?rest_route=%2Fwp%2Fv2%2Fcomments&post=49259"}],"version-history":[{"count":1,"href":"https:\/\/sola-poljane.splet.arnes.si\/index.php?rest_route=\/wp\/v2\/posts\/49259\/revisions"}],"predecessor-version":[{"id":49263,"href":"https:\/\/sola-poljane.splet.arnes.si\/index.php?rest_route=\/wp\/v2\/posts\/49259\/revisions\/49263"}],"wp:featuredmedia":[{"embeddable":true,"href":"https:\/\/sola-poljane.splet.arnes.si\/index.php?rest_route=\/wp\/v2\/media\/49264"}],"wp:attachment":[{"href":"https:\/\/sola-poljane.splet.arnes.si\/index.php?rest_route=%2Fwp%2Fv2%2Fmedia&parent=49259"}],"wp:term":[{"taxonomy":"category","embeddable":true,"href":"https:\/\/sola-poljane.splet.arnes.si\/index.php?rest_route=%2Fwp%2Fv2%2Fcategories&post=49259"},{"taxonomy":"post_tag","embeddable":true,"href":"https:\/\/sola-poljane.splet.arnes.si\/index.php?rest_route=%2Fwp%2Fv2%2Ftags&post=49259"}],"curies":[{"name":"wp","href":"https:\/\/api.w.org\/{rel}","templated":true}]}}