{"id":49113,"date":"2025-09-22T09:33:10","date_gmt":"2025-09-22T07:33:10","guid":{"rendered":"https:\/\/sola-poljane.splet.arnes.si\/?p=49113"},"modified":"2025-09-22T09:33:10","modified_gmt":"2025-09-22T07:33:10","slug":"ucenci-2-razreda-na-pohodu","status":"publish","type":"post","link":"https:\/\/sola-poljane.splet.arnes.si\/?p=49113","title":{"rendered":"U\u010denci 2. razreda na pohodu"},"content":{"rendered":"<p style=\"text-align: justify\">Pretekli \u010detrtek so se u\u010denci 2. razreda odpravili na prijeten pohod <span style=\"color: #008000\"><strong>na Brda<\/strong><\/span>. Dan je bil resni\u010dno <strong>\u010dudovit<\/strong>, saj nas je pospremilo son\u010dno vreme, ki je \u0161e polep\u0161alo na\u0161o dogodiv\u0161\u010dino.<\/p>\n<p style=\"text-align: justify\">Pohod je bil odli\u010dna prilo\u017enost za dru\u017eenje in krepitev prijateljskih vezi zunaj \u0161olskih klopi. Vsi smo se imeli <strong>super<\/strong> in pre\u017eiveli aktiven dan v naravi. Utrujeni, a polni lepih vtisov in nepozabnih spominov, smo se vrnili nazaj v \u0161olo.<\/p>\n<p><strong><em>\u017diva Bogataj<\/em><\/strong><\/p>\n<p>&nbsp;<\/p>\nngg_shortcode_0_placeholder\n","protected":false},"excerpt":{"rendered":"<p>Pretekli \u010detrtek so se u\u010denci 2. razreda odpravili na prijeten [&hellip;]<\/p>\n","protected":false},"author":56163,"featured_media":49126,"comment_status":"closed","ping_status":"open","sticky":false,"template":"","format":"standard","meta":{"ngg_post_thumbnail":0,"footnotes":""},"categories":[7,55],"tags":[],"class_list":["post-49113","post","type-post","status-publish","format-standard","has-post-thumbnail","hentry","category-dnevi-dejavnosti","category-dogajanje"],"_links":{"self":[{"href":"https:\/\/sola-poljane.splet.arnes.si\/index.php?rest_route=\/wp\/v2\/posts\/49113","targetHints":{"allow":["GET"]}}],"collection":[{"href":"https:\/\/sola-poljane.splet.arnes.si\/index.php?rest_route=\/wp\/v2\/posts"}],"about":[{"href":"https:\/\/sola-poljane.splet.arnes.si\/index.php?rest_route=\/wp\/v2\/types\/post"}],"author":[{"embeddable":true,"href":"https:\/\/sola-poljane.splet.arnes.si\/index.php?rest_route=\/wp\/v2\/users\/56163"}],"replies":[{"embeddable":true,"href":"https:\/\/sola-poljane.splet.arnes.si\/index.php?rest_route=%2Fwp%2Fv2%2Fcomments&post=49113"}],"version-history":[{"count":2,"href":"https:\/\/sola-poljane.splet.arnes.si\/index.php?rest_route=\/wp\/v2\/posts\/49113\/revisions"}],"predecessor-version":[{"id":49125,"href":"https:\/\/sola-poljane.splet.arnes.si\/index.php?rest_route=\/wp\/v2\/posts\/49113\/revisions\/49125"}],"wp:featuredmedia":[{"embeddable":true,"href":"https:\/\/sola-poljane.splet.arnes.si\/index.php?rest_route=\/wp\/v2\/media\/49126"}],"wp:attachment":[{"href":"https:\/\/sola-poljane.splet.arnes.si\/index.php?rest_route=%2Fwp%2Fv2%2Fmedia&parent=49113"}],"wp:term":[{"taxonomy":"category","embeddable":true,"href":"https:\/\/sola-poljane.splet.arnes.si\/index.php?rest_route=%2Fwp%2Fv2%2Fcategories&post=49113"},{"taxonomy":"post_tag","embeddable":true,"href":"https:\/\/sola-poljane.splet.arnes.si\/index.php?rest_route=%2Fwp%2Fv2%2Ftags&post=49113"}],"curies":[{"name":"wp","href":"https:\/\/api.w.org\/{rel}","templated":true}]}}