{"id":49024,"date":"2025-09-24T09:00:57","date_gmt":"2025-09-24T07:00:57","guid":{"rendered":"https:\/\/sola-poljane.splet.arnes.si\/?p=49024"},"modified":"2025-09-24T12:30:41","modified_gmt":"2025-09-24T10:30:41","slug":"skoraj-vsi-najstniki-ze-uporabljajo-umetno-inteligenco-vecina-za-solo-nekateri-za-zabavo","status":"publish","type":"post","link":"https:\/\/sola-poljane.splet.arnes.si\/?p=49024","title":{"rendered":"Skoraj vsi najstniki \u017ee uporabljajo umetno inteligenco \u2013 ve\u010dina za \u0161olo, nekateri za zabavo"},"content":{"rendered":"<p>Anketa, ki jo je spomladi 2025 izvedla to\u010dka osve\u0161\u010danja o varni rabi interneta <a href=\"https:\/\/safe.si\" target=\"_blank\" rel=\"noopener\"><span style=\"color: #ff0000\">Safe.si<\/span><\/a>, ki deluje v okviru Fakultete za dru\u017ebene vede Univerze v Ljubljani, je pokazala, da je orodja generativne umetne inteligence \u017ee uporabljala ve\u010dina osnovno\u0161olcev tretje triade osnovne \u0161ole in srednje\u0161olcev. Najpogosteje jih uporabljajo za \u0161olsko delo ter za raziskovanje tem, ki jih zanimajo.<\/p>\n<p>Ve\u010d si lahko preberete v <a href=\"https:\/\/sola-poljane.splet.arnes.si\/files\/2025\/09\/sj_safe_-_25-08-20_-_infografika-1.pdf\" target=\"_blank\" rel=\"noopener\">infografiki<\/a>.<\/p>\n","protected":false},"excerpt":{"rendered":"<p>Anketa, ki jo je spomladi 2025 izvedla to\u010dka osve\u0161\u010danja o [&hellip;]<\/p>\n","protected":false},"author":54103,"featured_media":49155,"comment_status":"closed","ping_status":"open","sticky":false,"template":"","format":"standard","meta":{"ngg_post_thumbnail":0,"footnotes":""},"categories":[5],"tags":[],"class_list":["post-49024","post","type-post","status-publish","format-standard","has-post-thumbnail","hentry","category-aktualno"],"_links":{"self":[{"href":"https:\/\/sola-poljane.splet.arnes.si\/index.php?rest_route=\/wp\/v2\/posts\/49024","targetHints":{"allow":["GET"]}}],"collection":[{"href":"https:\/\/sola-poljane.splet.arnes.si\/index.php?rest_route=\/wp\/v2\/posts"}],"about":[{"href":"https:\/\/sola-poljane.splet.arnes.si\/index.php?rest_route=\/wp\/v2\/types\/post"}],"author":[{"embeddable":true,"href":"https:\/\/sola-poljane.splet.arnes.si\/index.php?rest_route=\/wp\/v2\/users\/54103"}],"replies":[{"embeddable":true,"href":"https:\/\/sola-poljane.splet.arnes.si\/index.php?rest_route=%2Fwp%2Fv2%2Fcomments&post=49024"}],"version-history":[{"count":3,"href":"https:\/\/sola-poljane.splet.arnes.si\/index.php?rest_route=\/wp\/v2\/posts\/49024\/revisions"}],"predecessor-version":[{"id":49157,"href":"https:\/\/sola-poljane.splet.arnes.si\/index.php?rest_route=\/wp\/v2\/posts\/49024\/revisions\/49157"}],"wp:featuredmedia":[{"embeddable":true,"href":"https:\/\/sola-poljane.splet.arnes.si\/index.php?rest_route=\/wp\/v2\/media\/49155"}],"wp:attachment":[{"href":"https:\/\/sola-poljane.splet.arnes.si\/index.php?rest_route=%2Fwp%2Fv2%2Fmedia&parent=49024"}],"wp:term":[{"taxonomy":"category","embeddable":true,"href":"https:\/\/sola-poljane.splet.arnes.si\/index.php?rest_route=%2Fwp%2Fv2%2Fcategories&post=49024"},{"taxonomy":"post_tag","embeddable":true,"href":"https:\/\/sola-poljane.splet.arnes.si\/index.php?rest_route=%2Fwp%2Fv2%2Ftags&post=49024"}],"curies":[{"name":"wp","href":"https:\/\/api.w.org\/{rel}","templated":true}]}}