{"id":48668,"date":"2025-09-01T19:44:18","date_gmt":"2025-09-01T17:44:18","guid":{"rendered":"https:\/\/sola-poljane.splet.arnes.si\/?p=48668"},"modified":"2025-09-01T19:44:54","modified_gmt":"2025-09-01T17:44:54","slug":"caroben-zacetek-solskega-leta-za-prvosolke-in-prvosolce","status":"publish","type":"post","link":"https:\/\/sola-poljane.splet.arnes.si\/?p=48668","title":{"rendered":"\u010caroben za\u010detek \u0161olskega leta za prvo\u0161olke in prvo\u0161olce!"},"content":{"rendered":"<p style=\"text-align: center\"><span style=\"color: #800080\"><strong>37 PRVO\u0160OLK IN PRVO\u0160OLCEV V POLJANAH<\/strong><\/span><\/p>\n<p style=\"text-align: justify\">Prvo\u0161olci so v mati\u010dni Osnovni \u0161oli Poljane danes prvi\u010d prestopili \u0161olski prag in do\u017eiveli \u010daroben sprejem v 1. razred. Pustolov\u0161\u010dina se je za\u010dela s \u010darovnico <span style=\"color: #800080\">\u010caralino<\/span>, ki je z njimi pripravila&nbsp;<span style=\"color: #800080\"><strong>\u010darobni napitek<\/strong><\/span>&nbsp;za sre\u010dno \u0161olsko leto.<br \/>\nZbrane so nagovorili ravnatelj, \u017eupan, policist in razredni\u010darki, ki so vsem za\u017eeleli uspe\u0161no \u0161olsko pot.<\/p>\n<p style=\"text-align: justify\">Po uradnem delu so se u\u010denci posladkali s \u010dokoladnim&nbsp;<strong>je\u017ekom in sadjem<\/strong>, nato pa se z darilcem ob\u010dine v rokah fotografirali pri posebnem foto koti\u010dku. U\u010denci so prinesli svoje \u0161olske potreb\u0161\u010dine, jih zlo\u017eili na svoja mesta, se med seboj spoznali in s star\u0161i zapustili svoj 1. dan v \u0161oli.<\/p>\n<p style=\"text-align: justify\">\u017delimo jim \u010dudovito \u0161olsko leto, polno novih znanj in veselja!<\/p>\n<p style=\"text-align: justify\"><em><strong>U\u010diteljice 1. razreda O\u0160 Poljane<\/strong><\/em><\/p>\n<p>&nbsp;<\/p>\nngg_shortcode_0_placeholder\n<p>&nbsp;<\/p>\n<p style=\"text-align: center\"><span style=\"color: #800080\"><strong>16 PRVO\u0160OLK IN PRVO\u0160OLCEV V JAVORJAH<\/strong><\/span><\/p>\n<p>Tudi na Podru\u017eni\u010dni \u0161oli Javorje je bil prvi \u0161olski dan zares nekaj posebnega. Vse je novo in prvikrat. Tako kot je zapisal pesnik Tone Pav\u010dek v svoji pesmi:&nbsp;<\/p>\n<p style=\"text-align: center\"><em><strong>Enkrat je vse prvikrat.<\/strong><\/em><br \/>\n<em><strong>Prva risba, prva naloga<\/strong><\/em><br \/>\n<em><strong>in nad njo sonce,&nbsp;<\/strong><\/em><br \/>\n<em><strong>kot prva \u017eoga.<\/strong><\/em><strong><em><br \/>\nEnkrat je vse prvikrat,<\/em><\/strong><br \/>\n<em><strong>kakor v prvem razredu \u2026<\/strong><\/em><\/p>\n<p style=\"text-align: justify\">V leto\u0161njem \u0161olskem letu je prvi\u010d \u0161olski prag na\u0161e podru\u017enice prestopilo kar&nbsp;<strong>16 prvo\u0161olk in prvo\u0161olcev<\/strong>. Zanje smo pripravili <span style=\"color: #800080\"><strong>predstavo o gusarju Jakcu,<\/strong> ki je \u017eelel iti v \u0161olo<\/span>. Nagovorili so jih tudi g. ravnatelj, g. \u017eupan, g pod\u017eupan in g. policist. Na\u0161a gusarska dru\u017eina jih je pospremila v razred, kjer so veseli in polni navdu\u0161enja nadaljevali dopoldne.&nbsp;<\/p>\n<p style=\"text-align: justify\"><span style=\"color: #800080\"><strong><em>Vsem prvo\u0161olkam in prvo\u0161olcem \u017eelimo, da bi na njihovi poti na\u0161li \u010dim ve\u010d zakladov znanja.<\/em><\/strong><\/span><\/p>\n<p><em><strong>U\u010diteljici 1. razreda P\u0160 Javorje<\/strong><\/em><\/p>\n<p>&nbsp;<\/p>\nngg_shortcode_1_placeholder\n","protected":false},"excerpt":{"rendered":"<p>37 PRVO\u0160OLK IN PRVO\u0160OLCEV V POLJANAH Prvo\u0161olci so v mati\u010dni [&hellip;]<\/p>\n","protected":false},"author":56163,"featured_media":48701,"comment_status":"closed","ping_status":"open","sticky":false,"template":"","format":"standard","meta":{"ngg_post_thumbnail":0,"footnotes":""},"categories":[33,55],"tags":[],"class_list":["post-48668","post","type-post","status-publish","format-standard","has-post-thumbnail","hentry","category-1-triletje","category-dogajanje"],"_links":{"self":[{"href":"https:\/\/sola-poljane.splet.arnes.si\/index.php?rest_route=\/wp\/v2\/posts\/48668","targetHints":{"allow":["GET"]}}],"collection":[{"href":"https:\/\/sola-poljane.splet.arnes.si\/index.php?rest_route=\/wp\/v2\/posts"}],"about":[{"href":"https:\/\/sola-poljane.splet.arnes.si\/index.php?rest_route=\/wp\/v2\/types\/post"}],"author":[{"embeddable":true,"href":"https:\/\/sola-poljane.splet.arnes.si\/index.php?rest_route=\/wp\/v2\/users\/56163"}],"replies":[{"embeddable":true,"href":"https:\/\/sola-poljane.splet.arnes.si\/index.php?rest_route=%2Fwp%2Fv2%2Fcomments&post=48668"}],"version-history":[{"count":2,"href":"https:\/\/sola-poljane.splet.arnes.si\/index.php?rest_route=\/wp\/v2\/posts\/48668\/revisions"}],"predecessor-version":[{"id":48702,"href":"https:\/\/sola-poljane.splet.arnes.si\/index.php?rest_route=\/wp\/v2\/posts\/48668\/revisions\/48702"}],"wp:featuredmedia":[{"embeddable":true,"href":"https:\/\/sola-poljane.splet.arnes.si\/index.php?rest_route=\/wp\/v2\/media\/48701"}],"wp:attachment":[{"href":"https:\/\/sola-poljane.splet.arnes.si\/index.php?rest_route=%2Fwp%2Fv2%2Fmedia&parent=48668"}],"wp:term":[{"taxonomy":"category","embeddable":true,"href":"https:\/\/sola-poljane.splet.arnes.si\/index.php?rest_route=%2Fwp%2Fv2%2Fcategories&post=48668"},{"taxonomy":"post_tag","embeddable":true,"href":"https:\/\/sola-poljane.splet.arnes.si\/index.php?rest_route=%2Fwp%2Fv2%2Ftags&post=48668"}],"curies":[{"name":"wp","href":"https:\/\/api.w.org\/{rel}","templated":true}]}}