{"id":48289,"date":"2025-06-17T22:43:07","date_gmt":"2025-06-17T20:43:07","guid":{"rendered":"https:\/\/sola-poljane.splet.arnes.si\/?p=48289"},"modified":"2025-06-18T21:30:57","modified_gmt":"2025-06-18T19:30:57","slug":"na-razstavi-risb-natecaja-plakat-miru-tudi-delo-anite-tratnik","status":"publish","type":"post","link":"https:\/\/sola-poljane.splet.arnes.si\/?p=48289","title":{"rendered":"Na razstavi risb nate\u010daja Plakat miru tudi delo Anite Tratnik"},"content":{"rendered":"<p>V ponedeljek, 16. junija, so v Zgornjih Gameljnah v Ruski da\u010di razstavili 24 risb finalistk in finalistov leto\u0161njega nate\u010daja Plakat miru 2024\/2025.<\/p>\n<p>Na razstavo se je s svojo risbo uvrstila na\u0161a osmo\u0161olka <strong><span style=\"color: #ff6600\">Anita Tratnik,<\/span><\/strong> ki se je tudi udele\u017eila zaklju\u010dne prireditve in odprtja razstave.<\/p>\n<p>\u010cestitamo, Anita!<\/p>\n<p><strong><em>Mihaela \u017dakelj Ogrin<\/em><\/strong><\/p>\n<p>&nbsp;<\/p>\nngg_shortcode_0_placeholder\n<p style=\"text-align: center\"><a href=\"https:\/\/sola-poljane.splet.arnes.si\/files\/2025\/06\/Anita_predstavitev.jpg\"><img loading=\"lazy\" decoding=\"async\" class=\"wp-image-48292 aligncenter\" src=\"https:\/\/sola-poljane.splet.arnes.si\/files\/2025\/06\/Anita_predstavitev.jpg\" alt=\"\" width=\"575\" height=\"431\" srcset=\"https:\/\/sola-poljane.splet.arnes.si\/files\/2025\/06\/Anita_predstavitev.jpg 800w, https:\/\/sola-poljane.splet.arnes.si\/files\/2025\/06\/Anita_predstavitev-300x225.jpg 300w, https:\/\/sola-poljane.splet.arnes.si\/files\/2025\/06\/Anita_predstavitev-768x576.jpg 768w, https:\/\/sola-poljane.splet.arnes.si\/files\/2025\/06\/Anita_predstavitev-73x55.jpg 73w, https:\/\/sola-poljane.splet.arnes.si\/files\/2025\/06\/Anita_predstavitev-624x468.jpg 624w\" sizes=\"auto, (max-width: 575px) 100vw, 575px\" \/><\/a><\/p>\n<p style=\"text-align: center\"><strong>Predstavitev pred izbranim ob\u010dinstvom<\/strong><\/p>\n<p>&nbsp;<\/p>\n<p><a href=\"https:\/\/sola-poljane.splet.arnes.si\/files\/2025\/06\/Plakat-miru.jpg\"><img loading=\"lazy\" decoding=\"async\" class=\"wp-image-48293 aligncenter\" src=\"https:\/\/sola-poljane.splet.arnes.si\/files\/2025\/06\/Plakat-miru.jpg\" alt=\"\" width=\"574\" height=\"431\" srcset=\"https:\/\/sola-poljane.splet.arnes.si\/files\/2025\/06\/Plakat-miru.jpg 800w, https:\/\/sola-poljane.splet.arnes.si\/files\/2025\/06\/Plakat-miru-300x225.jpg 300w, https:\/\/sola-poljane.splet.arnes.si\/files\/2025\/06\/Plakat-miru-768x576.jpg 768w, https:\/\/sola-poljane.splet.arnes.si\/files\/2025\/06\/Plakat-miru-73x55.jpg 73w, https:\/\/sola-poljane.splet.arnes.si\/files\/2025\/06\/Plakat-miru-624x468.jpg 624w\" sizes=\"auto, (max-width: 574px) 100vw, 574px\" \/><\/a><\/p>\n<p style=\"text-align: center\"><strong>Anitin Plakat miru<\/strong><\/p>\n<p>&nbsp;<\/p>\n<p><a href=\"https:\/\/sola-poljane.splet.arnes.si\/files\/2025\/06\/Finalisti-organizatorji.jpg\"><img loading=\"lazy\" decoding=\"async\" class=\"wp-image-48294 aligncenter\" src=\"https:\/\/sola-poljane.splet.arnes.si\/files\/2025\/06\/Finalisti-organizatorji.jpg\" alt=\"\" width=\"649\" height=\"291\" srcset=\"https:\/\/sola-poljane.splet.arnes.si\/files\/2025\/06\/Finalisti-organizatorji.jpg 800w, https:\/\/sola-poljane.splet.arnes.si\/files\/2025\/06\/Finalisti-organizatorji-300x135.jpg 300w, https:\/\/sola-poljane.splet.arnes.si\/files\/2025\/06\/Finalisti-organizatorji-768x345.jpg 768w, https:\/\/sola-poljane.splet.arnes.si\/files\/2025\/06\/Finalisti-organizatorji-123x55.jpg 123w, https:\/\/sola-poljane.splet.arnes.si\/files\/2025\/06\/Finalisti-organizatorji-624x280.jpg 624w\" sizes=\"auto, (max-width: 649px) 100vw, 649px\" \/><\/a><\/p>\n<p style=\"text-align: center\"><strong>Finalistke in finalisti z organizatorji<\/strong><\/p>\n<p>&nbsp;<\/p>\n<p><a href=\"https:\/\/sola-poljane.splet.arnes.si\/files\/2025\/06\/Anita-in-Manca.jpg\"><img loading=\"lazy\" decoding=\"async\" class=\"wp-image-48295 aligncenter\" src=\"https:\/\/sola-poljane.splet.arnes.si\/files\/2025\/06\/Anita-in-Manca.jpg\" alt=\"\" width=\"556\" height=\"479\" srcset=\"https:\/\/sola-poljane.splet.arnes.si\/files\/2025\/06\/Anita-in-Manca.jpg 799w, https:\/\/sola-poljane.splet.arnes.si\/files\/2025\/06\/Anita-in-Manca-300x259.jpg 300w, https:\/\/sola-poljane.splet.arnes.si\/files\/2025\/06\/Anita-in-Manca-768x662.jpg 768w, https:\/\/sola-poljane.splet.arnes.si\/files\/2025\/06\/Anita-in-Manca-64x55.jpg 64w, https:\/\/sola-poljane.splet.arnes.si\/files\/2025\/06\/Anita-in-Manca-624x538.jpg 624w\" sizes=\"auto, (max-width: 556px) 100vw, 556px\" \/><\/a><\/p>\n<p style=\"text-align: center\"><strong>Pred Rusko da\u010do s so\u0161olko Manco<\/strong><\/p>\n<p>&nbsp;<\/p>\n","protected":false},"excerpt":{"rendered":"<p>V ponedeljek, 16. junija, so v Zgornjih Gameljnah v Ruski [&hellip;]<\/p>\n","protected":false},"author":56163,"featured_media":48322,"comment_status":"closed","ping_status":"open","sticky":false,"template":"","format":"standard","meta":{"ngg_post_thumbnail":0,"footnotes":""},"categories":[55,37,61],"tags":[],"class_list":["post-48289","post","type-post","status-publish","format-standard","has-post-thumbnail","hentry","category-dogajanje","category-natecaji","category-unesco"],"_links":{"self":[{"href":"https:\/\/sola-poljane.splet.arnes.si\/index.php?rest_route=\/wp\/v2\/posts\/48289","targetHints":{"allow":["GET"]}}],"collection":[{"href":"https:\/\/sola-poljane.splet.arnes.si\/index.php?rest_route=\/wp\/v2\/posts"}],"about":[{"href":"https:\/\/sola-poljane.splet.arnes.si\/index.php?rest_route=\/wp\/v2\/types\/post"}],"author":[{"embeddable":true,"href":"https:\/\/sola-poljane.splet.arnes.si\/index.php?rest_route=\/wp\/v2\/users\/56163"}],"replies":[{"embeddable":true,"href":"https:\/\/sola-poljane.splet.arnes.si\/index.php?rest_route=%2Fwp%2Fv2%2Fcomments&post=48289"}],"version-history":[{"count":8,"href":"https:\/\/sola-poljane.splet.arnes.si\/index.php?rest_route=\/wp\/v2\/posts\/48289\/revisions"}],"predecessor-version":[{"id":48323,"href":"https:\/\/sola-poljane.splet.arnes.si\/index.php?rest_route=\/wp\/v2\/posts\/48289\/revisions\/48323"}],"wp:featuredmedia":[{"embeddable":true,"href":"https:\/\/sola-poljane.splet.arnes.si\/index.php?rest_route=\/wp\/v2\/media\/48322"}],"wp:attachment":[{"href":"https:\/\/sola-poljane.splet.arnes.si\/index.php?rest_route=%2Fwp%2Fv2%2Fmedia&parent=48289"}],"wp:term":[{"taxonomy":"category","embeddable":true,"href":"https:\/\/sola-poljane.splet.arnes.si\/index.php?rest_route=%2Fwp%2Fv2%2Fcategories&post=48289"},{"taxonomy":"post_tag","embeddable":true,"href":"https:\/\/sola-poljane.splet.arnes.si\/index.php?rest_route=%2Fwp%2Fv2%2Ftags&post=48289"}],"curies":[{"name":"wp","href":"https:\/\/api.w.org\/{rel}","templated":true}]}}