{"id":47758,"date":"2025-06-09T18:10:36","date_gmt":"2025-06-09T16:10:36","guid":{"rendered":"https:\/\/sola-poljane.splet.arnes.si\/?p=47758"},"modified":"2025-06-11T06:54:49","modified_gmt":"2025-06-11T04:54:49","slug":"drzavno-tekmovanje-v-atletiki-slovenska-bistrica","status":"publish","type":"post","link":"https:\/\/sola-poljane.splet.arnes.si\/?p=47758","title":{"rendered":"Dr\u017eavno tekmovanje v atletiki \u2013 Slovenska Bistrica"},"content":{"rendered":"<p style=\"text-align: justify\">V sredo, 4. 6. 2025, je v Slovenski Bistrici \u017ee tradicionalno potekalo dr\u017eavno prvenstvo v atletiki za osnovne \u0161ole. Na tekmovanju se je zbralo ve\u010d kot 600 u\u010dencev. Zastopana je bila tudi na\u0161a \u0161ola, in sicer s tremi tekmovalkami. Najprej se je na stezo podala <span style=\"color: #ff6600\"><strong>Ne\u017ea Stanonik<\/strong> v teku na 1000 metrov<\/span>. Po spodbudnem za\u010detku je v zadnjem krogu nekoliko upo\u010dasnila tempo in ob koncu zasedla \u0161e vedno odli\u010dno <span style=\"color: #ff6600\">12. mesto<\/span>. V nadaljevanju se je odpravila na stezo <span style=\"color: #ff6600\"><strong>Ema Klemen\u010di\u010d<\/strong> v teku na 60 metrov<\/span>. Ob prav tako dokaj neugodnih vetrovnih razmerah je zasedla odli\u010dno <span style=\"color: #ff6600\">8. mesto<\/span> in za manj kot eno desetinko zgre\u0161ila finale. Kot zadnja med na\u0161imi udele\u017eenkami pa se je na progo odpravila <span style=\"color: #ff6600\"><strong>Erika Dem\u0161ar<\/strong>, ki je tekla v teku na 300 metrov<\/span>. Prav tako ji je zmanjkalo nekaj mo\u010di za silovit zaklju\u010dek, a vseeno se je hrabro borila do konca in zasedla kon\u010dno <span style=\"color: #ff6600\">24. mesto<\/span>. Vsem puncam iskrene \u010destitke za dose\u017eke in nabiranje dragocenih izku\u0161enj. Upam, da se vidimo tudi prihodnje leto \u0161e bolj\u0161i in bolje pripravljeni.<\/p>\n<p><em><strong>Mentor: Ale\u0161 Mrak&nbsp;&nbsp;&nbsp;&nbsp;&nbsp;&nbsp;&nbsp;<\/strong><\/em><\/p>\n<p>&nbsp;<\/p>\nngg_shortcode_0_placeholder\n","protected":false},"excerpt":{"rendered":"<p>V sredo, 4. 6. 2025, je v Slovenski Bistrici \u017ee [&hellip;]<\/p>\n","protected":false},"author":56163,"featured_media":47771,"comment_status":"closed","ping_status":"open","sticky":false,"template":"","format":"standard","meta":{"ngg_post_thumbnail":0,"footnotes":""},"categories":[55,59],"tags":[],"class_list":["post-47758","post","type-post","status-publish","format-standard","has-post-thumbnail","hentry","category-dogajanje","category-sportna-tekmovanja"],"_links":{"self":[{"href":"https:\/\/sola-poljane.splet.arnes.si\/index.php?rest_route=\/wp\/v2\/posts\/47758","targetHints":{"allow":["GET"]}}],"collection":[{"href":"https:\/\/sola-poljane.splet.arnes.si\/index.php?rest_route=\/wp\/v2\/posts"}],"about":[{"href":"https:\/\/sola-poljane.splet.arnes.si\/index.php?rest_route=\/wp\/v2\/types\/post"}],"author":[{"embeddable":true,"href":"https:\/\/sola-poljane.splet.arnes.si\/index.php?rest_route=\/wp\/v2\/users\/56163"}],"replies":[{"embeddable":true,"href":"https:\/\/sola-poljane.splet.arnes.si\/index.php?rest_route=%2Fwp%2Fv2%2Fcomments&post=47758"}],"version-history":[{"count":3,"href":"https:\/\/sola-poljane.splet.arnes.si\/index.php?rest_route=\/wp\/v2\/posts\/47758\/revisions"}],"predecessor-version":[{"id":47864,"href":"https:\/\/sola-poljane.splet.arnes.si\/index.php?rest_route=\/wp\/v2\/posts\/47758\/revisions\/47864"}],"wp:featuredmedia":[{"embeddable":true,"href":"https:\/\/sola-poljane.splet.arnes.si\/index.php?rest_route=\/wp\/v2\/media\/47771"}],"wp:attachment":[{"href":"https:\/\/sola-poljane.splet.arnes.si\/index.php?rest_route=%2Fwp%2Fv2%2Fmedia&parent=47758"}],"wp:term":[{"taxonomy":"category","embeddable":true,"href":"https:\/\/sola-poljane.splet.arnes.si\/index.php?rest_route=%2Fwp%2Fv2%2Fcategories&post=47758"},{"taxonomy":"post_tag","embeddable":true,"href":"https:\/\/sola-poljane.splet.arnes.si\/index.php?rest_route=%2Fwp%2Fv2%2Ftags&post=47758"}],"curies":[{"name":"wp","href":"https:\/\/api.w.org\/{rel}","templated":true}]}}