{"id":47679,"date":"2025-06-08T21:48:34","date_gmt":"2025-06-08T19:48:34","guid":{"rendered":"https:\/\/sola-poljane.splet.arnes.si\/?p=47679"},"modified":"2025-06-11T21:43:24","modified_gmt":"2025-06-11T19:43:24","slug":"kekceva-dezela","status":"publish","type":"post","link":"https:\/\/sola-poljane.splet.arnes.si\/?p=47679","title":{"rendered":"Kek\u010deva de\u017eela"},"content":{"rendered":"<p style=\"text-align: justify\">V maju smo se u\u010denci 1. razreda odpravili na nepozabno pustolov\u0161\u010dino v <span style=\"color: #008000\">\u010dudovito Kek\u010devo de\u017eelo v Kranjski Gori<\/span>. Dan je bil resni\u010dno super, poln smeha, raziskovanja in nepozabnih do\u017eivetij, ki so nam pri\u010darala nasmehe na obrazih.<br \/>\n\u017de ob prihodu nas je pri\u010dakala \u010dudovita narava, ki nas je takoj ponesla v svet Kekca in njegovih prijateljev. Otroci so z navdu\u0161enjem raziskovali okolico, iskali sledi Kekca, Bedanca in drugih junakov iz Vandotovih zgodb.<br \/>\nKek\u010deva de\u017eela je s svojo pristnostjo in \u010darobnostjo resni\u010dno o\u017eivila pravljice, ki jih poznamo. Smeha in veselja ni manjkalo, saj so se otroci popolnoma prepustili domi\u0161ljiji in u\u017eivali v vsakem trenutku. Nazaj grede v avtobusu so utrujeni, a polni vtisov in lepih spominov, \u017ee pripovedovali o svojih dogodiv\u0161\u010dinah.<\/p>\n<p><em><strong>\u017diva Bogataj<\/strong><\/em><\/p>\n<p>&nbsp;<\/p>\nngg_shortcode_0_placeholder\n","protected":false},"excerpt":{"rendered":"<p>V maju smo se u\u010denci 1. razreda odpravili na nepozabno [&hellip;]<\/p>\n","protected":false},"author":56163,"featured_media":47707,"comment_status":"closed","ping_status":"open","sticky":false,"template":"","format":"standard","meta":{"ngg_post_thumbnail":0,"footnotes":""},"categories":[7,55,61],"tags":[],"class_list":["post-47679","post","type-post","status-publish","format-standard","has-post-thumbnail","hentry","category-dnevi-dejavnosti","category-dogajanje","category-unesco"],"_links":{"self":[{"href":"https:\/\/sola-poljane.splet.arnes.si\/index.php?rest_route=\/wp\/v2\/posts\/47679","targetHints":{"allow":["GET"]}}],"collection":[{"href":"https:\/\/sola-poljane.splet.arnes.si\/index.php?rest_route=\/wp\/v2\/posts"}],"about":[{"href":"https:\/\/sola-poljane.splet.arnes.si\/index.php?rest_route=\/wp\/v2\/types\/post"}],"author":[{"embeddable":true,"href":"https:\/\/sola-poljane.splet.arnes.si\/index.php?rest_route=\/wp\/v2\/users\/56163"}],"replies":[{"embeddable":true,"href":"https:\/\/sola-poljane.splet.arnes.si\/index.php?rest_route=%2Fwp%2Fv2%2Fcomments&post=47679"}],"version-history":[{"count":3,"href":"https:\/\/sola-poljane.splet.arnes.si\/index.php?rest_route=\/wp\/v2\/posts\/47679\/revisions"}],"predecessor-version":[{"id":47706,"href":"https:\/\/sola-poljane.splet.arnes.si\/index.php?rest_route=\/wp\/v2\/posts\/47679\/revisions\/47706"}],"wp:featuredmedia":[{"embeddable":true,"href":"https:\/\/sola-poljane.splet.arnes.si\/index.php?rest_route=\/wp\/v2\/media\/47707"}],"wp:attachment":[{"href":"https:\/\/sola-poljane.splet.arnes.si\/index.php?rest_route=%2Fwp%2Fv2%2Fmedia&parent=47679"}],"wp:term":[{"taxonomy":"category","embeddable":true,"href":"https:\/\/sola-poljane.splet.arnes.si\/index.php?rest_route=%2Fwp%2Fv2%2Fcategories&post=47679"},{"taxonomy":"post_tag","embeddable":true,"href":"https:\/\/sola-poljane.splet.arnes.si\/index.php?rest_route=%2Fwp%2Fv2%2Ftags&post=47679"}],"curies":[{"name":"wp","href":"https:\/\/api.w.org\/{rel}","templated":true}]}}