{"id":47464,"date":"2025-06-07T21:13:41","date_gmt":"2025-06-07T19:13:41","guid":{"rendered":"https:\/\/sola-poljane.splet.arnes.si\/?p=47464"},"modified":"2025-06-11T21:42:23","modified_gmt":"2025-06-11T19:42:23","slug":"tretjesolci-obiskali-svoje-dopisovalce-iz-idrije","status":"publish","type":"post","link":"https:\/\/sola-poljane.splet.arnes.si\/?p=47464","title":{"rendered":"Tretje\u0161olci obiskali svoje dopisovalce iz Idrije"},"content":{"rendered":"<p style=\"text-align: justify\">U\u010denci 3. a in 3. b smo se v leto\u0161njem \u0161olskem letu vklju\u010dili v projekt <span style=\"color: #ff6600\"><strong><em>Obudimo pisanje pisem<\/em><\/strong><\/span> in si s tem popestrili ure sloven\u0161\u010dine. Dopisovali smo si z u\u010denci <span style=\"color: #ff6600\">3. a in 3. b razreda iz O\u0160 Idrija<\/span> \u2013 vsak je imel svojega dopisovalca, nekateri celo dva.<br \/>\nPred prvim pismom smo se pogovorili o sestavi pisma, nato pa se v uvodnem pismu predstavili in ga okrasili z risbami. Potem smo nestrpno pri\u010dakovali pisma u\u010dencev iz Idrije.<br \/>\nV naslednjih pismih smo odgovarjali na prejeta pisma in opisovali dogodke posameznih mesecev \u2013 \u0161olo v naravi, praznike, zimske in prvomajske po\u010ditnice, pustovanje \u2026&nbsp; Z veseljem in nestrpnostjo smo pri\u010dakovali vsako novo pismo svojih dopisovalcev.<br \/>\nOb tem smo razvijali svoje jezikovne in pisne spretnosti, utrjevali kulturo pisnega izra\u017eanja in pozornost do naslovnika. Ob tem je bilo potrebne tudi veliko ustvarjalnosti, saj smo pisma obogatili z ilustracijami. U\u010denci so bili zelo motivirani za pisanje in povezovanje z drugimi u\u010denci izven njihove \u0161ole.<\/p>\n<p>&nbsp;<\/p>\n<p style=\"text-align: center\"><span style=\"color: #008080\"><strong>PISANJE IN BRANJE PISEM<\/strong><\/span><\/p>\nngg_shortcode_0_placeholder\n<p style=\"text-align: justify\">&nbsp;<\/p>\n<p style=\"text-align: justify\">Vrhunec na\u0161ega dopisovanja pa je bila sreda, 4. 6. 2025, ko smo se odpravili v Idrijo, kjer smo se z na\u0161imi dopisovalci sre\u010dali v \u017eivo. Prijazno so nas sprejeli in skupaj smo pre\u017eiveli nepozaben dan. Najprej smo si ogledali njihovo \u0161olo, nato pa skupaj raziskovali Idrijo. Med pohodom smo spoznavali njeno zgodovino, znamenitosti in izpolnjevali knji\u017eico z nalogami, ki so nam jo pripravile u\u010diteljice. Ob dru\u017eenju in klepetu smo stkali nova prijateljstva in izmenjali \u0161olske izku\u0161nje.<br \/>\nU\u010dencem je bil zanimiv tudi ogled izdelave idrijske \u010dipke na Mestnem trgu, kjer nam je izku\u0161ena klekljarica v \u017eivo pokazala to dragoceno umetnost. U\u010denci so z zanimanjem opazovali njeno delo.<br \/>\nZaklju\u010dno sre\u010danje v Idriji je tako lepo zaokro\u017eilo celotno zgodbo in u\u010dencem omogo\u010dilo, da so do\u017eiveli povezavo med pisno in \u017eivo komunikacijo. Dokazali smo, da pisma niso le besede na papirju, temve\u010d most med ljudmi. S tem sre\u010danjem se je projekt sklenil na najbolj\u0161i mo\u017eni na\u010din \u2013 s sre\u010danjem, prijateljstvom in skupno izku\u0161njo, ki bo vsem ostala v lepem spominu.<\/p>\n<p style=\"text-align: justify\">&nbsp;<\/p>\n<p style=\"text-align: center\"><span style=\"color: #008080\"><strong>IZLET V IDRIJO&nbsp;<\/strong><\/span><\/p>\nngg_shortcode_1_placeholder\n<p style=\"text-align: center\"><span style=\"color: #008080\"><strong>VTISI TRETJE\u0160OLCEV<\/strong><\/span><\/p>\n<p>&nbsp;<\/p>\n<audio class=\"wp-audio-shortcode\" id=\"audio-47464-1\" preload=\"none\" style=\"width: 100%;\" controls=\"controls\"><source type=\"audio\/mpeg\" src=\"https:\/\/sola-poljane.splet.arnes.si\/files\/2025\/06\/Vtisi_3a-3b_Idrija.mp3?_=1\" \/><a href=\"https:\/\/sola-poljane.splet.arnes.si\/files\/2025\/06\/Vtisi_3a-3b_Idrija.mp3\">https:\/\/sola-poljane.splet.arnes.si\/files\/2025\/06\/Vtisi_3a-3b_Idrija.mp3<\/a><\/audio>\n<p>&nbsp;<\/p>\n<p style=\"text-align: justify\"><em><strong>Barbara \u017deleznik in Alenka Ortar<\/strong><\/em><\/p>\n","protected":false},"excerpt":{"rendered":"<p>U\u010denci 3. a in 3. b smo se v leto\u0161njem [&hellip;]<\/p>\n","protected":false},"author":56163,"featured_media":47621,"comment_status":"closed","ping_status":"open","sticky":false,"template":"","format":"standard","meta":{"ngg_post_thumbnail":0,"footnotes":""},"categories":[7,55,43,61],"tags":[],"class_list":["post-47464","post","type-post","status-publish","format-standard","has-post-thumbnail","hentry","category-dnevi-dejavnosti","category-dogajanje","category-projekti","category-unesco"],"_links":{"self":[{"href":"https:\/\/sola-poljane.splet.arnes.si\/index.php?rest_route=\/wp\/v2\/posts\/47464","targetHints":{"allow":["GET"]}}],"collection":[{"href":"https:\/\/sola-poljane.splet.arnes.si\/index.php?rest_route=\/wp\/v2\/posts"}],"about":[{"href":"https:\/\/sola-poljane.splet.arnes.si\/index.php?rest_route=\/wp\/v2\/types\/post"}],"author":[{"embeddable":true,"href":"https:\/\/sola-poljane.splet.arnes.si\/index.php?rest_route=\/wp\/v2\/users\/56163"}],"replies":[{"embeddable":true,"href":"https:\/\/sola-poljane.splet.arnes.si\/index.php?rest_route=%2Fwp%2Fv2%2Fcomments&post=47464"}],"version-history":[{"count":4,"href":"https:\/\/sola-poljane.splet.arnes.si\/index.php?rest_route=\/wp\/v2\/posts\/47464\/revisions"}],"predecessor-version":[{"id":47620,"href":"https:\/\/sola-poljane.splet.arnes.si\/index.php?rest_route=\/wp\/v2\/posts\/47464\/revisions\/47620"}],"wp:featuredmedia":[{"embeddable":true,"href":"https:\/\/sola-poljane.splet.arnes.si\/index.php?rest_route=\/wp\/v2\/media\/47621"}],"wp:attachment":[{"href":"https:\/\/sola-poljane.splet.arnes.si\/index.php?rest_route=%2Fwp%2Fv2%2Fmedia&parent=47464"}],"wp:term":[{"taxonomy":"category","embeddable":true,"href":"https:\/\/sola-poljane.splet.arnes.si\/index.php?rest_route=%2Fwp%2Fv2%2Fcategories&post=47464"},{"taxonomy":"post_tag","embeddable":true,"href":"https:\/\/sola-poljane.splet.arnes.si\/index.php?rest_route=%2Fwp%2Fv2%2Ftags&post=47464"}],"curies":[{"name":"wp","href":"https:\/\/api.w.org\/{rel}","templated":true}]}}