{"id":47274,"date":"2025-05-28T15:40:00","date_gmt":"2025-05-28T13:40:00","guid":{"rendered":"https:\/\/sola-poljane.splet.arnes.si\/?p=47274"},"modified":"2025-05-30T12:00:25","modified_gmt":"2025-05-30T10:00:25","slug":"nace-gantar-tretji-na-drzavnem-prvenstvu-v-judu","status":"publish","type":"post","link":"https:\/\/sola-poljane.splet.arnes.si\/?p=47274","title":{"rendered":"Nace Gantar tretji na dr\u017eavnem prvenstvu v judu"},"content":{"rendered":"<p>Klub Judo Apolon Ho\u010de je z Osnovno \u0161olo Du\u0161ana Flisa v skupni organizaciji Zavoda za \u0161port RS Planica in Judo zveze Slovenije pripravil <strong><span style=\"color: #0000ff\">dr\u017eavno prvenstvo srednjih in osnovnih \u0161ol v judu<\/span><\/strong>.<\/p>\n<p>U\u010denec 8. razreda <strong><span style=\"color: #0000ff\">Nace Gantar<\/span><\/strong> je osvojil 3. mesto v kategoriji od 60 do 66 kilogramov.<\/p>\n<p><strong>Nace, \u010destitamo!<\/strong><\/p>\n<p><em><strong>Janez Titan<\/strong><\/em><\/p>\n<p>&nbsp;<\/p>\n<p><a href=\"https:\/\/sola-poljane.splet.arnes.si\/files\/2025\/05\/Nace_3mesto.jpg\"><img loading=\"lazy\" decoding=\"async\" class=\"alignnone wp-image-47276\" src=\"https:\/\/sola-poljane.splet.arnes.si\/files\/2025\/05\/Nace_3mesto.jpg\" alt=\"\" width=\"531\" height=\"382\" srcset=\"https:\/\/sola-poljane.splet.arnes.si\/files\/2025\/05\/Nace_3mesto.jpg 800w, https:\/\/sola-poljane.splet.arnes.si\/files\/2025\/05\/Nace_3mesto-300x216.jpg 300w, https:\/\/sola-poljane.splet.arnes.si\/files\/2025\/05\/Nace_3mesto-768x553.jpg 768w, https:\/\/sola-poljane.splet.arnes.si\/files\/2025\/05\/Nace_3mesto-76x55.jpg 76w, https:\/\/sola-poljane.splet.arnes.si\/files\/2025\/05\/Nace_3mesto-624x449.jpg 624w\" sizes=\"auto, (max-width: 531px) 100vw, 531px\" \/><\/a><\/p>\n<p>&nbsp;<\/p>\n<p><a href=\"https:\/\/sola-poljane.splet.arnes.si\/files\/2025\/05\/Nace_skupinska.jpg\"><img loading=\"lazy\" decoding=\"async\" class=\"alignnone wp-image-47277\" src=\"https:\/\/sola-poljane.splet.arnes.si\/files\/2025\/05\/Nace_skupinska.jpg\" alt=\"\" width=\"535\" height=\"396\" srcset=\"https:\/\/sola-poljane.splet.arnes.si\/files\/2025\/05\/Nace_skupinska.jpg 800w, https:\/\/sola-poljane.splet.arnes.si\/files\/2025\/05\/Nace_skupinska-300x222.jpg 300w, https:\/\/sola-poljane.splet.arnes.si\/files\/2025\/05\/Nace_skupinska-768x569.jpg 768w, https:\/\/sola-poljane.splet.arnes.si\/files\/2025\/05\/Nace_skupinska-74x55.jpg 74w, https:\/\/sola-poljane.splet.arnes.si\/files\/2025\/05\/Nace_skupinska-624x463.jpg 624w\" sizes=\"auto, (max-width: 535px) 100vw, 535px\" \/><\/a><\/p>\n","protected":false},"excerpt":{"rendered":"<p>Klub Judo Apolon Ho\u010de je z Osnovno \u0161olo Du\u0161ana Flisa [&hellip;]<\/p>\n","protected":false},"author":56163,"featured_media":47276,"comment_status":"closed","ping_status":"open","sticky":false,"template":"","format":"standard","meta":{"ngg_post_thumbnail":0,"footnotes":""},"categories":[55,59],"tags":[],"class_list":["post-47274","post","type-post","status-publish","format-standard","has-post-thumbnail","hentry","category-dogajanje","category-sportna-tekmovanja"],"_links":{"self":[{"href":"https:\/\/sola-poljane.splet.arnes.si\/index.php?rest_route=\/wp\/v2\/posts\/47274","targetHints":{"allow":["GET"]}}],"collection":[{"href":"https:\/\/sola-poljane.splet.arnes.si\/index.php?rest_route=\/wp\/v2\/posts"}],"about":[{"href":"https:\/\/sola-poljane.splet.arnes.si\/index.php?rest_route=\/wp\/v2\/types\/post"}],"author":[{"embeddable":true,"href":"https:\/\/sola-poljane.splet.arnes.si\/index.php?rest_route=\/wp\/v2\/users\/56163"}],"replies":[{"embeddable":true,"href":"https:\/\/sola-poljane.splet.arnes.si\/index.php?rest_route=%2Fwp%2Fv2%2Fcomments&post=47274"}],"version-history":[{"count":3,"href":"https:\/\/sola-poljane.splet.arnes.si\/index.php?rest_route=\/wp\/v2\/posts\/47274\/revisions"}],"predecessor-version":[{"id":47357,"href":"https:\/\/sola-poljane.splet.arnes.si\/index.php?rest_route=\/wp\/v2\/posts\/47274\/revisions\/47357"}],"wp:featuredmedia":[{"embeddable":true,"href":"https:\/\/sola-poljane.splet.arnes.si\/index.php?rest_route=\/wp\/v2\/media\/47276"}],"wp:attachment":[{"href":"https:\/\/sola-poljane.splet.arnes.si\/index.php?rest_route=%2Fwp%2Fv2%2Fmedia&parent=47274"}],"wp:term":[{"taxonomy":"category","embeddable":true,"href":"https:\/\/sola-poljane.splet.arnes.si\/index.php?rest_route=%2Fwp%2Fv2%2Fcategories&post=47274"},{"taxonomy":"post_tag","embeddable":true,"href":"https:\/\/sola-poljane.splet.arnes.si\/index.php?rest_route=%2Fwp%2Fv2%2Ftags&post=47274"}],"curies":[{"name":"wp","href":"https:\/\/api.w.org\/{rel}","templated":true}]}}