{"id":47238,"date":"2025-05-27T20:34:53","date_gmt":"2025-05-27T18:34:53","guid":{"rendered":"https:\/\/sola-poljane.splet.arnes.si\/?p=47238"},"modified":"2025-05-27T20:34:53","modified_gmt":"2025-05-27T18:34:53","slug":"atletika-regijsko-tekmovanje-kranj","status":"publish","type":"post","link":"https:\/\/sola-poljane.splet.arnes.si\/?p=47238","title":{"rendered":"Atletika \u2013 regijsko tekmovanje, Kranj"},"content":{"rendered":"<p style=\"text-align: justify\">V sredo, 21. maja, je v Kranju potekalo <strong>regijsko tekmovanje v atletiki<\/strong>, na katero se je iz na\u0161e \u0161ole po medob\u010dinskem tekmovanju uvrstilo 15 u\u010dencev, kar je zelo lepa \u0161tevilka. Po uspe\u0161nih nastopih na medob\u010dinskem tekmovanju so prakti\u010dno vsi u\u010denke in u\u010denci svoje nastope \u0161e nadgradili, tokrat v \u0161e bolj zaostreni konkurenci z u\u010denci celotne Gorenjske.<\/p>\n<p style=\"text-align: justify\">Med mlaj\u0161imi u\u010denci je <span style=\"color: #0000ff\">Maj Pivk<\/span> v teku na 300 metrov zasedel&nbsp; 11. mesto, <span style=\"color: #0000ff\">Urh Dolenec<\/span> pa je v teku na 600 metrov dosegel 3. mesto.<\/p>\n<p style=\"text-align: justify\">Med starej\u0161imi u\u010denci je bil v metu vortexa <span style=\"color: #0000ff\">Nikola Treven<\/span> osmi. V teku na 300 metrov je 2. mesto osvojil <span style=\"color: #0000ff\">Izak Zver<\/span>, <span style=\"color: #0000ff\">Nik Pintar<\/span> pa je bil osmi. <span style=\"color: #0000ff\">Lovro Kokelj<\/span> je v teku na 1000 metrov zasedel 8. mesto. V isti disciplini se je hrabro boril tudi <span style=\"color: #0000ff\">Martin Pisk<\/span> in bil trinajsti. V teku na 60 metrov je bila <span style=\"color: #0000ff\">Ema Klemen\u010di\u010d<\/span> uvr\u0161\u010dena na 4. mesto z res malenkostnim zaostankom za kolajno. <span style=\"color: #0000ff\">Erika Dem\u0161ar<\/span> je z odlo\u010dnim tekom prav tako zasedla kon\u010dno 4. mesto. V teku na 1000 metrov pa je bila <span style=\"color: #0000ff\">Ne\u017ea Stanonik<\/span> uvr\u0161\u010dena na odli\u010dno 2. mesto in za vsega eno stotinko zgre\u0161ila zmago.<\/p>\n<p style=\"text-align: justify\">Starej\u0161a dekleta so <span style=\"color: #0000ff\">v \u0161tafeti 4 x 100<\/span> metrov zasedla 5. mesto. Starej\u0161i u\u010denci pa se bili \u0161e za mesto bolj\u0161i in osvojili 4. mesto. To so tudi eni bolj\u0161ih rezultatov na\u0161e \u0161ole v \u0161tafetnih tekih do zdaj.<\/p>\n<p style=\"text-align: justify\">Se \u017ee veselimo nastopov na dr\u017eavnem tekmovanju, kamor se odpravljamo v sredo, 4. 6. 2025.<\/p>\n<p><strong><em>Ale\u0161 Mrak&nbsp;&nbsp;<\/em><\/strong><\/p>\n<p>&nbsp;<\/p>\n<p><a href=\"https:\/\/sola-poljane.splet.arnes.si\/files\/2025\/05\/20250522_072558_manjsa.jpg\"><img loading=\"lazy\" decoding=\"async\" class=\"wp-image-47240 aligncenter\" src=\"https:\/\/sola-poljane.splet.arnes.si\/files\/2025\/05\/20250522_072558_manjsa.jpg\" alt=\"\" width=\"634\" height=\"476\" srcset=\"https:\/\/sola-poljane.splet.arnes.si\/files\/2025\/05\/20250522_072558_manjsa.jpg 800w, https:\/\/sola-poljane.splet.arnes.si\/files\/2025\/05\/20250522_072558_manjsa-300x225.jpg 300w, https:\/\/sola-poljane.splet.arnes.si\/files\/2025\/05\/20250522_072558_manjsa-768x576.jpg 768w, https:\/\/sola-poljane.splet.arnes.si\/files\/2025\/05\/20250522_072558_manjsa-73x55.jpg 73w, https:\/\/sola-poljane.splet.arnes.si\/files\/2025\/05\/20250522_072558_manjsa-624x468.jpg 624w\" sizes=\"auto, (max-width: 634px) 100vw, 634px\" \/><\/a><\/p>\n<p><a href=\"https:\/\/sola-poljane.splet.arnes.si\/files\/2025\/05\/20250522_072642_manjsa.jpg\"><img loading=\"lazy\" decoding=\"async\" class=\"wp-image-47241 aligncenter\" src=\"https:\/\/sola-poljane.splet.arnes.si\/files\/2025\/05\/20250522_072642_manjsa.jpg\" alt=\"\" width=\"635\" height=\"476\" srcset=\"https:\/\/sola-poljane.splet.arnes.si\/files\/2025\/05\/20250522_072642_manjsa.jpg 800w, https:\/\/sola-poljane.splet.arnes.si\/files\/2025\/05\/20250522_072642_manjsa-300x225.jpg 300w, https:\/\/sola-poljane.splet.arnes.si\/files\/2025\/05\/20250522_072642_manjsa-768x576.jpg 768w, https:\/\/sola-poljane.splet.arnes.si\/files\/2025\/05\/20250522_072642_manjsa-73x55.jpg 73w, https:\/\/sola-poljane.splet.arnes.si\/files\/2025\/05\/20250522_072642_manjsa-624x468.jpg 624w\" sizes=\"auto, (max-width: 635px) 100vw, 635px\" \/><\/a><\/p>\n<p>&nbsp;<\/p>\n<p><a href=\"https:\/\/sola-poljane.splet.arnes.si\/files\/2025\/05\/Atletika-posamicno-124_25-regijsko.pdf\">Atletika posami\u010dno-124_25 regijsko<\/a><\/p>\n","protected":false},"excerpt":{"rendered":"<p>V sredo, 21. maja, je v Kranju potekalo regijsko tekmovanje [&hellip;]<\/p>\n","protected":false},"author":56163,"featured_media":47243,"comment_status":"closed","ping_status":"open","sticky":false,"template":"","format":"standard","meta":{"ngg_post_thumbnail":0,"footnotes":""},"categories":[55,59],"tags":[],"class_list":["post-47238","post","type-post","status-publish","format-standard","has-post-thumbnail","hentry","category-dogajanje","category-sportna-tekmovanja"],"_links":{"self":[{"href":"https:\/\/sola-poljane.splet.arnes.si\/index.php?rest_route=\/wp\/v2\/posts\/47238","targetHints":{"allow":["GET"]}}],"collection":[{"href":"https:\/\/sola-poljane.splet.arnes.si\/index.php?rest_route=\/wp\/v2\/posts"}],"about":[{"href":"https:\/\/sola-poljane.splet.arnes.si\/index.php?rest_route=\/wp\/v2\/types\/post"}],"author":[{"embeddable":true,"href":"https:\/\/sola-poljane.splet.arnes.si\/index.php?rest_route=\/wp\/v2\/users\/56163"}],"replies":[{"embeddable":true,"href":"https:\/\/sola-poljane.splet.arnes.si\/index.php?rest_route=%2Fwp%2Fv2%2Fcomments&post=47238"}],"version-history":[{"count":2,"href":"https:\/\/sola-poljane.splet.arnes.si\/index.php?rest_route=\/wp\/v2\/posts\/47238\/revisions"}],"predecessor-version":[{"id":47244,"href":"https:\/\/sola-poljane.splet.arnes.si\/index.php?rest_route=\/wp\/v2\/posts\/47238\/revisions\/47244"}],"wp:featuredmedia":[{"embeddable":true,"href":"https:\/\/sola-poljane.splet.arnes.si\/index.php?rest_route=\/wp\/v2\/media\/47243"}],"wp:attachment":[{"href":"https:\/\/sola-poljane.splet.arnes.si\/index.php?rest_route=%2Fwp%2Fv2%2Fmedia&parent=47238"}],"wp:term":[{"taxonomy":"category","embeddable":true,"href":"https:\/\/sola-poljane.splet.arnes.si\/index.php?rest_route=%2Fwp%2Fv2%2Fcategories&post=47238"},{"taxonomy":"post_tag","embeddable":true,"href":"https:\/\/sola-poljane.splet.arnes.si\/index.php?rest_route=%2Fwp%2Fv2%2Ftags&post=47238"}],"curies":[{"name":"wp","href":"https:\/\/api.w.org\/{rel}","templated":true}]}}