{"id":46941,"date":"2025-05-20T20:12:13","date_gmt":"2025-05-20T18:12:13","guid":{"rendered":"https:\/\/sola-poljane.splet.arnes.si\/?p=46941"},"modified":"2025-05-20T20:13:04","modified_gmt":"2025-05-20T18:13:04","slug":"20-maj-svetovni-dan-cebel","status":"publish","type":"post","link":"https:\/\/sola-poljane.splet.arnes.si\/?p=46941","title":{"rendered":"20. maj \u2013 svetovni dan \u010debel"},"content":{"rendered":"<p><strong>Danes je \u017ee vsaka tretja \u017elica hrane odvisna od opra\u0161evanja,&nbsp;\u010debelji pridelki pa so bogat vir nujno potrebnih hranil.<\/strong><\/p>\n<p>&nbsp;<\/p>\n<p><a href=\"https:\/\/sola-poljane.splet.arnes.si\/files\/2025\/05\/Slika.png\"><img loading=\"lazy\" decoding=\"async\" class=\"size-full wp-image-46942 aligncenter\" src=\"https:\/\/sola-poljane.splet.arnes.si\/files\/2025\/05\/Slika.png\" alt=\"\" width=\"386\" height=\"343\" srcset=\"https:\/\/sola-poljane.splet.arnes.si\/files\/2025\/05\/Slika.png 386w, https:\/\/sola-poljane.splet.arnes.si\/files\/2025\/05\/Slika-300x267.png 300w, https:\/\/sola-poljane.splet.arnes.si\/files\/2025\/05\/Slika-62x55.png 62w\" sizes=\"auto, (max-width: 386px) 100vw, 386px\" \/><\/a><\/p>\n<p>&nbsp;<\/p>\n<p style=\"text-align: justify\">\u010cebele so eden od pomembnih opra\u0161evalcev, ki zagotavljajo hrano in prehransko varnost, trajnostno kmetijstvo, biotsko raznovrstnost ter pomembno prispevajo k bla\u017eitvi podnebnih sprememb in ohranjanju okolja. Za\u0161\u010dita \u010debel in \u010debelarskega sektorja tako dolgoro\u010dno prispeva k zmanj\u0161evanju rev\u0161\u010dine, lakote in ohranjanju zdravega okolja ter biotske raznovrstnosti.&nbsp;<\/p>\n<p style=\"text-align: justify\">\u010cebele so pomembne tudi z vidika trajnostnega kmetijstva in ustvarjanja delovnih mest na pode\u017eelju. Z&nbsp;opra\u0161evanjem namre\u010d pove\u010dujejo kmetijsko pridelavo, s \u010dimer ohranjajo pestrost in raznolikost na na\u0161ih njivah in kro\u017enikih. Poleg tega milijonom&nbsp;ljudi zagotavljajo delovna mesta in so pomemben vir prihodkov za kmete.<\/p>\n<p style=\"text-align: justify\">Kljub vsemu znanstvene \u0161tudije dokazujejo, da se pojavlja vse ve\u010d negativnih vplivov na zdravje \u010debel, zaradi \u010desar so te vedno bolj ogro\u017eene. To pa od nas&nbsp;zahteva dodatno skrb za njihovo pre\u017eivetje. \u0160kodljivi dejavniki povzro\u010dajo padec odpornosti \u010debel, kar vpliva na njihovo dovzetnost za bolezni, \u0161kodljivce in podobno.&nbsp;To je poleg na\u0161tetega problemati\u010dno tudi z vidika za\u0161\u010dite in ohranjanja okolja, saj \u010debele skrbijo za biotsko raznovrstnost v naravi in pozitivno vplivajo na celoten ekosistem ter so dober pokazatelj stanja okolja. Zato je Slovenija&nbsp;\u017ee leta 2011 med prvimi dr\u017eavami&nbsp;EU na svojem celotnem ozemlju prepovedala uporabo nekaterih \u010debelam najbolj \u0161kodljivih pesticidov.<\/p>\n<p style=\"text-align: justify\">Ministrstvo za kmetijstvo, gozdarstvo in prehrano je pripravilo <span style=\"color: #ff6600\"><strong>kratek video<\/strong><\/span>, ki si ga lahko ogledate na spodnji povezavi:<\/p>\n<p style=\"text-align: justify\"><a href=\"https:\/\/www.youtube.com\/watch?v=BQUuGe1l-Gs\">https:\/\/www.youtube.com\/watch?v=BQUuGe1l-Gs<\/a><\/p>\n<p style=\"text-align: justify\">&nbsp;<\/p>\n<p style=\"text-align: justify\">Povzeto po:<\/p>\n<ul style=\"text-align: justify\">\n<li><a href=\"https:\/\/www.gov.si\/zbirke\/projekti-in-programi\/svetovni-dan-cebel\/\">https:\/\/www.gov.si\/zbirke\/projekti-in-programi\/svetovni-dan-cebel\/<\/a>, 20. 5. 2025<\/li>\n<li><a href=\"https:\/\/skupnost.sio.si\/mod\/url\/view.php?id=346222\">https:\/\/skupnost.sio.si\/mod\/url\/view.php?id=346222<\/a>, 20. 5. 2025<\/li>\n<\/ul>\n<p style=\"text-align: justify\">&nbsp;<\/p>\n<p style=\"text-align: justify\"><em><strong>Irena Tehovnik<\/strong><\/em><\/p>\n","protected":false},"excerpt":{"rendered":"<p>Danes je \u017ee vsaka tretja \u017elica hrane odvisna od opra\u0161evanja,&nbsp;\u010debelji [&hellip;]<\/p>\n","protected":false},"author":56163,"featured_media":46942,"comment_status":"closed","ping_status":"open","sticky":false,"template":"","format":"standard","meta":{"ngg_post_thumbnail":0,"footnotes":""},"categories":[55,23,63],"tags":[],"class_list":["post-46941","post","type-post","status-publish","format-standard","has-post-thumbnail","hentry","category-dogajanje","category-ostale-kategorije","category-zdrava-sola"],"_links":{"self":[{"href":"https:\/\/sola-poljane.splet.arnes.si\/index.php?rest_route=\/wp\/v2\/posts\/46941","targetHints":{"allow":["GET"]}}],"collection":[{"href":"https:\/\/sola-poljane.splet.arnes.si\/index.php?rest_route=\/wp\/v2\/posts"}],"about":[{"href":"https:\/\/sola-poljane.splet.arnes.si\/index.php?rest_route=\/wp\/v2\/types\/post"}],"author":[{"embeddable":true,"href":"https:\/\/sola-poljane.splet.arnes.si\/index.php?rest_route=\/wp\/v2\/users\/56163"}],"replies":[{"embeddable":true,"href":"https:\/\/sola-poljane.splet.arnes.si\/index.php?rest_route=%2Fwp%2Fv2%2Fcomments&post=46941"}],"version-history":[{"count":2,"href":"https:\/\/sola-poljane.splet.arnes.si\/index.php?rest_route=\/wp\/v2\/posts\/46941\/revisions"}],"predecessor-version":[{"id":46944,"href":"https:\/\/sola-poljane.splet.arnes.si\/index.php?rest_route=\/wp\/v2\/posts\/46941\/revisions\/46944"}],"wp:featuredmedia":[{"embeddable":true,"href":"https:\/\/sola-poljane.splet.arnes.si\/index.php?rest_route=\/wp\/v2\/media\/46942"}],"wp:attachment":[{"href":"https:\/\/sola-poljane.splet.arnes.si\/index.php?rest_route=%2Fwp%2Fv2%2Fmedia&parent=46941"}],"wp:term":[{"taxonomy":"category","embeddable":true,"href":"https:\/\/sola-poljane.splet.arnes.si\/index.php?rest_route=%2Fwp%2Fv2%2Fcategories&post=46941"},{"taxonomy":"post_tag","embeddable":true,"href":"https:\/\/sola-poljane.splet.arnes.si\/index.php?rest_route=%2Fwp%2Fv2%2Ftags&post=46941"}],"curies":[{"name":"wp","href":"https:\/\/api.w.org\/{rel}","templated":true}]}}