{"id":46804,"date":"2025-05-17T08:08:23","date_gmt":"2025-05-17T06:08:23","guid":{"rendered":"https:\/\/sola-poljane.splet.arnes.si\/?p=46804"},"modified":"2025-05-17T08:08:23","modified_gmt":"2025-05-17T06:08:23","slug":"shema-solskega-sadja-in-zelenjave-6","status":"publish","type":"post","link":"https:\/\/sola-poljane.splet.arnes.si\/?p=46804","title":{"rendered":"Shema \u0161olskega sadja in zelenjave"},"content":{"rendered":"<p style=\"text-align: justify\">\u0160olska shema je <strong>ukrep skupne kmetijske politike EU<\/strong>, ki otrokom v osnovni \u0161oli in zavodih za vzgojo in izobra\u017eevanje otrok in mladostnikov s posebnimi potrebami zagotavlja <strong>brezpla\u010den<\/strong> dodatni obrok sadja in zelenjave ter mleka in mle\u010dnih izdelkov.<br \/>\n<strong>Namen \u0161olske sheme<\/strong> je pove\u010dati u\u017eivanje sadja in zelenjave s poudarkom na lokalni pridelavi ter izbolj\u0161ati prehranske navade otrok.<\/p>\n<p style=\"text-align: justify\">V \u0161olskem letu 2024\/2025 smo nadaljevali z izvajanjem projekta in razdeljevali sadje oziroma zelenjavo enkrat tedensko<strong>, in sicer&nbsp;ob \u010detrtkih,&nbsp;<\/strong>kar je ustrezno ozna\u010deno tudi na \u0161olskem jedilniku.<\/p>\n<p style=\"text-align: justify\"><strong>Obvezni spremljevalni izobra\u017eevalni ukrepi<\/strong> povezujejo otroke s kmetijstvom in spodbujajo zdravo prehranjevanje. Dejavnosti so usmerjene v izobra\u017eevanje otrok o zdravih prehranjevalnih navadah, lokalni hrani oziroma kratkih oskrbovalnih verigah, ekolo\u0161kemu kmetovanju, trajnostni proizvodnji in zmanj\u0161evanju odpadkov hrane.<br \/>\nU\u010denci in u\u010denke&nbsp;<strong>od 1. do 9. razreda<\/strong>&nbsp;so skupaj z razredniki na centralni in podru\u017eni\u010dni \u0161oli izdelovali plakate&nbsp;o razli\u010dnih vrstah sadja in zelenjave. Zanimivi in izvirni plakati so razstavljeni v avli na\u0161e \u0161ole. Projekt je na \u0161oli zelo dobro sprejet.<\/p>\n<p><em>Koordinatorica projekta:&nbsp;<strong>Irena Tehovnik<\/strong><\/em><\/p>\n<p>&nbsp;<\/p>\n<p style=\"text-align: center\"><span style=\"color: #008000\"><strong>P\u0160 Javorje<\/strong><\/span><\/p>\n<p>&nbsp;<\/p>\n<p><a href=\"https:\/\/sola-poljane.splet.arnes.si\/files\/2025\/05\/1-2.jpg\"><img loading=\"lazy\" decoding=\"async\" class=\"wp-image-46806 aligncenter\" src=\"https:\/\/sola-poljane.splet.arnes.si\/files\/2025\/05\/1-2.jpg\" alt=\"\" width=\"390\" height=\"292\" srcset=\"https:\/\/sola-poljane.splet.arnes.si\/files\/2025\/05\/1-2.jpg 800w, https:\/\/sola-poljane.splet.arnes.si\/files\/2025\/05\/1-2-300x225.jpg 300w, https:\/\/sola-poljane.splet.arnes.si\/files\/2025\/05\/1-2-768x576.jpg 768w, https:\/\/sola-poljane.splet.arnes.si\/files\/2025\/05\/1-2-73x55.jpg 73w, https:\/\/sola-poljane.splet.arnes.si\/files\/2025\/05\/1-2-624x468.jpg 624w\" sizes=\"auto, (max-width: 390px) 100vw, 390px\" \/><\/a><\/p>\n<p>&nbsp;<\/p>\n<p style=\"text-align: center\"><span style=\"color: #008000\"><strong>O\u0160 Poljane<\/strong><\/span><\/p>\nngg_shortcode_0_placeholder\n","protected":false},"excerpt":{"rendered":"<p>\u0160olska shema je ukrep skupne kmetijske politike EU, ki otrokom [&hellip;]<\/p>\n","protected":false},"author":56163,"featured_media":46825,"comment_status":"closed","ping_status":"open","sticky":false,"template":"","format":"standard","meta":{"ngg_post_thumbnail":0,"footnotes":""},"categories":[55,67,63],"tags":[],"class_list":["post-46804","post","type-post","status-publish","format-standard","has-post-thumbnail","hentry","category-dogajanje","category-solska-shema","category-zdrava-sola"],"_links":{"self":[{"href":"https:\/\/sola-poljane.splet.arnes.si\/index.php?rest_route=\/wp\/v2\/posts\/46804","targetHints":{"allow":["GET"]}}],"collection":[{"href":"https:\/\/sola-poljane.splet.arnes.si\/index.php?rest_route=\/wp\/v2\/posts"}],"about":[{"href":"https:\/\/sola-poljane.splet.arnes.si\/index.php?rest_route=\/wp\/v2\/types\/post"}],"author":[{"embeddable":true,"href":"https:\/\/sola-poljane.splet.arnes.si\/index.php?rest_route=\/wp\/v2\/users\/56163"}],"replies":[{"embeddable":true,"href":"https:\/\/sola-poljane.splet.arnes.si\/index.php?rest_route=%2Fwp%2Fv2%2Fcomments&post=46804"}],"version-history":[{"count":4,"href":"https:\/\/sola-poljane.splet.arnes.si\/index.php?rest_route=\/wp\/v2\/posts\/46804\/revisions"}],"predecessor-version":[{"id":46826,"href":"https:\/\/sola-poljane.splet.arnes.si\/index.php?rest_route=\/wp\/v2\/posts\/46804\/revisions\/46826"}],"wp:featuredmedia":[{"embeddable":true,"href":"https:\/\/sola-poljane.splet.arnes.si\/index.php?rest_route=\/wp\/v2\/media\/46825"}],"wp:attachment":[{"href":"https:\/\/sola-poljane.splet.arnes.si\/index.php?rest_route=%2Fwp%2Fv2%2Fmedia&parent=46804"}],"wp:term":[{"taxonomy":"category","embeddable":true,"href":"https:\/\/sola-poljane.splet.arnes.si\/index.php?rest_route=%2Fwp%2Fv2%2Fcategories&post=46804"},{"taxonomy":"post_tag","embeddable":true,"href":"https:\/\/sola-poljane.splet.arnes.si\/index.php?rest_route=%2Fwp%2Fv2%2Ftags&post=46804"}],"curies":[{"name":"wp","href":"https:\/\/api.w.org\/{rel}","templated":true}]}}