{"id":46793,"date":"2025-05-17T07:37:49","date_gmt":"2025-05-17T05:37:49","guid":{"rendered":"https:\/\/sola-poljane.splet.arnes.si\/?p=46793"},"modified":"2025-05-19T21:30:12","modified_gmt":"2025-05-19T19:30:12","slug":"ulicna-kosarka-3-x-3","status":"publish","type":"post","link":"https:\/\/sola-poljane.splet.arnes.si\/?p=46793","title":{"rendered":"Uli\u010dna ko\u0161arka 3 x 3"},"content":{"rendered":"<p style=\"text-align: justify\">V sredo, 15. maja, smo se odpravili v Kranj na <span style=\"color: #0000ff\">podro\u010dno prvenstvo v ko\u0161arki 3 x 3<\/span>. Zelo izena\u010dene ekipe so bile razvr\u0161\u010dene v \u0161tiri skupine, od koder sta se najbolj\u0161i dve ekipi uvrstili v \u010detrtfinale. <strong><span style=\"color: #0000ff\">An\u017ee Markovi\u010d, Martin Pisk, Nikola Treven<\/span><\/strong> in <strong><span style=\"color: #0000ff\">\u017diga \u0160ubic<\/span><\/strong> so se odli\u010dno kosali z nasprotniki v skupinskem delu. Dve tekmi so zmagali, eno pa izgubili po velikem vodstvu v rednem delu in podalj\u0161ku. V \u010detrtfinalu so bili mo\u010dnej\u0161i kasnej\u0161i podprvaki iz O\u0160 Davorina Jenka.<\/p>\n<p style=\"text-align: justify\">Ve\u010d rezultatov pa v priponki.<\/p>\n<p style=\"text-align: justify\">\u0160portni pozdrav<\/p>\n<p><em><strong>Uro\u0161 \u010cade\u017e<\/strong><\/em><\/p>\n<p>&nbsp;<\/p>\n<p><a href=\"https:\/\/sola-poljane.splet.arnes.si\/files\/2025\/05\/1-1.jpg\"><img loading=\"lazy\" decoding=\"async\" class=\"wp-image-46799 aligncenter\" src=\"https:\/\/sola-poljane.splet.arnes.si\/files\/2025\/05\/1-1.jpg\" alt=\"\" width=\"630\" height=\"473\" srcset=\"https:\/\/sola-poljane.splet.arnes.si\/files\/2025\/05\/1-1.jpg 800w, https:\/\/sola-poljane.splet.arnes.si\/files\/2025\/05\/1-1-300x225.jpg 300w, https:\/\/sola-poljane.splet.arnes.si\/files\/2025\/05\/1-1-768x576.jpg 768w, https:\/\/sola-poljane.splet.arnes.si\/files\/2025\/05\/1-1-73x55.jpg 73w, https:\/\/sola-poljane.splet.arnes.si\/files\/2025\/05\/1-1-624x468.jpg 624w\" sizes=\"auto, (max-width: 630px) 100vw, 630px\" \/><\/a><\/p>\n<p><a href=\"https:\/\/sola-poljane.splet.arnes.si\/files\/2025\/05\/2.jpg\"><img loading=\"lazy\" decoding=\"async\" class=\"wp-image-46796 aligncenter\" src=\"https:\/\/sola-poljane.splet.arnes.si\/files\/2025\/05\/2.jpg\" alt=\"\" width=\"635\" height=\"368\" srcset=\"https:\/\/sola-poljane.splet.arnes.si\/files\/2025\/05\/2.jpg 729w, https:\/\/sola-poljane.splet.arnes.si\/files\/2025\/05\/2-300x174.jpg 300w, https:\/\/sola-poljane.splet.arnes.si\/files\/2025\/05\/2-95x55.jpg 95w, https:\/\/sola-poljane.splet.arnes.si\/files\/2025\/05\/2-624x361.jpg 624w\" sizes=\"auto, (max-width: 635px) 100vw, 635px\" \/><\/a><\/p>\n<p><a href=\"https:\/\/sola-poljane.splet.arnes.si\/files\/2025\/05\/3.jpg\"><img loading=\"lazy\" decoding=\"async\" class=\" wp-image-46797 aligncenter\" src=\"https:\/\/sola-poljane.splet.arnes.si\/files\/2025\/05\/3.jpg\" alt=\"\" width=\"640\" height=\"421\" srcset=\"https:\/\/sola-poljane.splet.arnes.si\/files\/2025\/05\/3.jpg 539w, https:\/\/sola-poljane.splet.arnes.si\/files\/2025\/05\/3-300x198.jpg 300w, https:\/\/sola-poljane.splet.arnes.si\/files\/2025\/05\/3-84x56.jpg 84w, https:\/\/sola-poljane.splet.arnes.si\/files\/2025\/05\/3-365x240.jpg 365w\" sizes=\"auto, (max-width: 640px) 100vw, 640px\" \/><\/a><\/p>\n<p>&nbsp;<\/p>\n<p>&nbsp;<\/p>\n<p><a href=\"https:\/\/sola-poljane.splet.arnes.si\/files\/2025\/05\/Rezultati-3x3-DP-OS-Gorenjska-2025-1.pdf\">Rezultati 3&#215;3 DP O\u0160 Gorenjska 2025<\/a><\/p>\n","protected":false},"excerpt":{"rendered":"<p>V sredo, 15. maja, smo se odpravili v Kranj na [&hellip;]<\/p>\n","protected":false},"author":56163,"featured_media":46796,"comment_status":"closed","ping_status":"open","sticky":false,"template":"","format":"standard","meta":{"ngg_post_thumbnail":0,"footnotes":""},"categories":[55,59],"tags":[],"class_list":["post-46793","post","type-post","status-publish","format-standard","has-post-thumbnail","hentry","category-dogajanje","category-sportna-tekmovanja"],"_links":{"self":[{"href":"https:\/\/sola-poljane.splet.arnes.si\/index.php?rest_route=\/wp\/v2\/posts\/46793","targetHints":{"allow":["GET"]}}],"collection":[{"href":"https:\/\/sola-poljane.splet.arnes.si\/index.php?rest_route=\/wp\/v2\/posts"}],"about":[{"href":"https:\/\/sola-poljane.splet.arnes.si\/index.php?rest_route=\/wp\/v2\/types\/post"}],"author":[{"embeddable":true,"href":"https:\/\/sola-poljane.splet.arnes.si\/index.php?rest_route=\/wp\/v2\/users\/56163"}],"replies":[{"embeddable":true,"href":"https:\/\/sola-poljane.splet.arnes.si\/index.php?rest_route=%2Fwp%2Fv2%2Fcomments&post=46793"}],"version-history":[{"count":6,"href":"https:\/\/sola-poljane.splet.arnes.si\/index.php?rest_route=\/wp\/v2\/posts\/46793\/revisions"}],"predecessor-version":[{"id":46887,"href":"https:\/\/sola-poljane.splet.arnes.si\/index.php?rest_route=\/wp\/v2\/posts\/46793\/revisions\/46887"}],"wp:featuredmedia":[{"embeddable":true,"href":"https:\/\/sola-poljane.splet.arnes.si\/index.php?rest_route=\/wp\/v2\/media\/46796"}],"wp:attachment":[{"href":"https:\/\/sola-poljane.splet.arnes.si\/index.php?rest_route=%2Fwp%2Fv2%2Fmedia&parent=46793"}],"wp:term":[{"taxonomy":"category","embeddable":true,"href":"https:\/\/sola-poljane.splet.arnes.si\/index.php?rest_route=%2Fwp%2Fv2%2Fcategories&post=46793"},{"taxonomy":"post_tag","embeddable":true,"href":"https:\/\/sola-poljane.splet.arnes.si\/index.php?rest_route=%2Fwp%2Fv2%2Ftags&post=46793"}],"curies":[{"name":"wp","href":"https:\/\/api.w.org\/{rel}","templated":true}]}}