{"id":46660,"date":"2025-05-17T20:57:20","date_gmt":"2025-05-17T18:57:20","guid":{"rendered":"https:\/\/sola-poljane.splet.arnes.si\/?p=46660"},"modified":"2025-05-17T21:00:10","modified_gmt":"2025-05-17T19:00:10","slug":"atletika-medobcinsko-tekmovanje-zelezniki","status":"publish","type":"post","link":"https:\/\/sola-poljane.splet.arnes.si\/?p=46660","title":{"rendered":"Atletika \u2013 medob\u010dinsko tekmovanje, \u017delezniki"},"content":{"rendered":"<p style=\"text-align: justify\">V torek, 13.&nbsp;5.&nbsp;2025, je potekalo <span style=\"color: #0000ff\">medob\u010dinsko tekmovanje v atletiki za starej\u0161e in mlaj\u0161e u\u010denke in u\u010dence<\/span>. Na tekmovanju smo v tekih dosegli nekaj zelo lepih rezultatov. Na\u0161i u\u010denci so se potegovali za kolajne v vseh disciplinah.<\/p>\n<p style=\"text-align: justify\"><strong>V kategoriji starej\u0161ih deklic in de\u010dkov<\/strong> je <strong><span style=\"color: #0000ff\">Ema Klemen\u010di\u010d<\/span><\/strong> <span style=\"color: #0000ff\">zmagala<\/span> v teku na 60 metrov. <span style=\"color: #0000ff\"><strong>Erika Dem\u0161ar<\/strong> <\/span>je osvojila <span style=\"color: #0000ff\">2. mesto<\/span> v teku na 300 metrov, <span style=\"color: #0000ff\"><strong>Ne\u017ea Stanonik<\/strong> <\/span>pa je prav tako dosegla <span style=\"color: #0000ff\">2. mesto<\/span> v teku na 1.000 metrov.<br \/>\n<strong><span style=\"color: #0000ff\">Izak Zver<\/span><\/strong> je bil v teku na 300 metrov <span style=\"color: #0000ff\">drugi<span style=\"color: #993300\">,<\/span><\/span>&nbsp;<strong><span style=\"color: #0000ff\">Lovro Kokalj<\/span> <\/strong>pa je v teku na 1.000 metrov zasedel <span style=\"color: #0000ff\">tretje mesto<\/span>. &nbsp;<br \/>\nV tehni\u010dnih disciplinah nismo posegli po kolajnah.&nbsp;<\/p>\n<p style=\"text-align: justify\"><strong>V kategoriji mlaj\u0161ih deklic in de\u010dkov<\/strong> je bila <strong><span style=\"color: #0000ff\">Izabela Strel<\/span><\/strong> v teku na 300 metrov <span style=\"color: #0000ff\">tretja<\/span>. Drugi u\u010denci so bili blizu kolajn.<\/p>\n<p style=\"text-align: justify\">Veselimo se \u017ee regijskega tekmovanja, kamor se zagotovo uvrsti tudi \u0161tafeta, saj so tako fantje kot dekleta prikazali odli\u010dne predstave.<\/p>\n<p style=\"text-align: justify\"><strong>\u010cestitke vsem za udele\u017ebo in dose\u017eene rezultate.<\/strong><\/p>\n<p><em><strong>Ale\u0161 Mrak&nbsp;<\/strong><\/em><\/p>\n<p>&nbsp;<\/p>\nngg_shortcode_0_placeholder\n<p><a href=\"https:\/\/sola-poljane.splet.arnes.si\/files\/2025\/05\/Medobcinsko-prvenstvo-v-atletiki-Zelezniki-2025-mlajsi-rezultati.xlsx\">Medob\u010dinsko prvenstvo v atletiki \u017delezniki 2025 &#8211; mlaj\u0161i &#8211; rezultati<\/a><\/p>\n<p><a href=\"https:\/\/sola-poljane.splet.arnes.si\/files\/2025\/05\/Medobcinsko-prvenstvo-v-atletiki-Zelezniki-2025-starejsi-rezultati.xlsx\">Medobc\u030cinsko prvenstvo v atletiki Z\u030celezniki 2025 &#8211; starejs\u030ci &#8211; rezultati<\/a><\/p>\n","protected":false},"excerpt":{"rendered":"<p>V torek, 13.&nbsp;5.&nbsp;2025, je potekalo medob\u010dinsko tekmovanje v atletiki za [&hellip;]<\/p>\n","protected":false},"author":56163,"featured_media":46828,"comment_status":"closed","ping_status":"open","sticky":false,"template":"","format":"standard","meta":{"ngg_post_thumbnail":0,"footnotes":""},"categories":[55,59],"tags":[],"class_list":["post-46660","post","type-post","status-publish","format-standard","has-post-thumbnail","hentry","category-dogajanje","category-sportna-tekmovanja"],"_links":{"self":[{"href":"https:\/\/sola-poljane.splet.arnes.si\/index.php?rest_route=\/wp\/v2\/posts\/46660","targetHints":{"allow":["GET"]}}],"collection":[{"href":"https:\/\/sola-poljane.splet.arnes.si\/index.php?rest_route=\/wp\/v2\/posts"}],"about":[{"href":"https:\/\/sola-poljane.splet.arnes.si\/index.php?rest_route=\/wp\/v2\/types\/post"}],"author":[{"embeddable":true,"href":"https:\/\/sola-poljane.splet.arnes.si\/index.php?rest_route=\/wp\/v2\/users\/56163"}],"replies":[{"embeddable":true,"href":"https:\/\/sola-poljane.splet.arnes.si\/index.php?rest_route=%2Fwp%2Fv2%2Fcomments&post=46660"}],"version-history":[{"count":3,"href":"https:\/\/sola-poljane.splet.arnes.si\/index.php?rest_route=\/wp\/v2\/posts\/46660\/revisions"}],"predecessor-version":[{"id":46687,"href":"https:\/\/sola-poljane.splet.arnes.si\/index.php?rest_route=\/wp\/v2\/posts\/46660\/revisions\/46687"}],"wp:featuredmedia":[{"embeddable":true,"href":"https:\/\/sola-poljane.splet.arnes.si\/index.php?rest_route=\/wp\/v2\/media\/46828"}],"wp:attachment":[{"href":"https:\/\/sola-poljane.splet.arnes.si\/index.php?rest_route=%2Fwp%2Fv2%2Fmedia&parent=46660"}],"wp:term":[{"taxonomy":"category","embeddable":true,"href":"https:\/\/sola-poljane.splet.arnes.si\/index.php?rest_route=%2Fwp%2Fv2%2Fcategories&post=46660"},{"taxonomy":"post_tag","embeddable":true,"href":"https:\/\/sola-poljane.splet.arnes.si\/index.php?rest_route=%2Fwp%2Fv2%2Ftags&post=46660"}],"curies":[{"name":"wp","href":"https:\/\/api.w.org\/{rel}","templated":true}]}}