{"id":44163,"date":"2025-02-01T08:46:34","date_gmt":"2025-02-01T07:46:34","guid":{"rendered":"https:\/\/sola-poljane.splet.arnes.si\/?p=44163"},"modified":"2025-02-01T08:46:34","modified_gmt":"2025-02-01T07:46:34","slug":"smucarski-skoki-z-alpskimi-smucni-ziri-30-1-2025","status":"publish","type":"post","link":"https:\/\/sola-poljane.splet.arnes.si\/?p=44163","title":{"rendered":"Smu\u010darski skoki z alpskimi smu\u010dni \u2013 \u017diri, 30. 1. 2025"},"content":{"rendered":"<p style=\"text-align: justify\">Iz son\u010dnih Javorij smo se odpeljali v megleno dolino in naprej v \u017dirovsko kotlino. Sonce se nam je nasmejalo \u0161ele ob zaklju\u010dku tekme, ko je bilo nasmejanih tudi kar nekaj na\u0161ih nagrajenih skakalcev. Med kategoriziranimi tekmovalci je <strong><span style=\"color: #3366ff\">Toma\u017e \u0160turm<\/span><\/strong> osvojil prvo mesto, <strong><span style=\"color: #3366ff\">Tajda \u0160tefe<\/span> <\/strong>drugo mesto in <strong><span style=\"color: #3366ff\">Nejc Tav\u010dar<\/span><\/strong> tretje mesto. Med nekategoriziranimi tekmovalci so se najbolje odrezali: <strong><span style=\"color: #3366ff\">Vida A\u017ebe<\/span><\/strong> (3. mesto), <span style=\"color: #3366ff\"><strong>Vesna Miklav\u010di\u010d<\/strong> <\/span>(6. mesto), <span style=\"color: #3366ff\"><strong>Tadej Bogataj<\/strong><\/span> (5. mesto) in <strong><span style=\"color: #3366ff\">Agata A\u017ebe<\/span> <\/strong>(5. mesto). Ve\u010d rezultatov si lahko ogledate v priponki.<\/p>\n<p style=\"text-align: justify\">Leto\u0161nja novost je bila tudi ta, da so zdru\u017eili kategorije prvih in drugih razredov ter tretjih in \u010detrtih razredov.<\/p>\n<p>Oglejte si fotoutrinke v galeriji.<\/p>\n<p>\u0160portni pozdrav<\/p>\n<p><strong><em>Marija Lejla Kova\u010d<\/em><\/strong><\/p>\n<p>&nbsp;<\/p>\nngg_shortcode_0_placeholder\n<h3><span style=\"color: #3366ff\"><strong>REZULTATI<\/strong><\/span><\/h3>\n<p><a href=\"https:\/\/sola-poljane.splet.arnes.si\/files\/2025\/02\/Gorenjska-regija_Ziri-30.1.2025.xlsx\">Gorenjska regija_\u017diri 30.1.2025<\/a><\/p>\n","protected":false},"excerpt":{"rendered":"<p>Iz son\u010dnih Javorij smo se odpeljali v megleno dolino in [&hellip;]<\/p>\n","protected":false},"author":56163,"featured_media":44193,"comment_status":"closed","ping_status":"open","sticky":false,"template":"","format":"standard","meta":{"ngg_post_thumbnail":0,"footnotes":""},"categories":[55,59],"tags":[],"class_list":["post-44163","post","type-post","status-publish","format-standard","has-post-thumbnail","hentry","category-dogajanje","category-sportna-tekmovanja"],"_links":{"self":[{"href":"https:\/\/sola-poljane.splet.arnes.si\/index.php?rest_route=\/wp\/v2\/posts\/44163","targetHints":{"allow":["GET"]}}],"collection":[{"href":"https:\/\/sola-poljane.splet.arnes.si\/index.php?rest_route=\/wp\/v2\/posts"}],"about":[{"href":"https:\/\/sola-poljane.splet.arnes.si\/index.php?rest_route=\/wp\/v2\/types\/post"}],"author":[{"embeddable":true,"href":"https:\/\/sola-poljane.splet.arnes.si\/index.php?rest_route=\/wp\/v2\/users\/56163"}],"replies":[{"embeddable":true,"href":"https:\/\/sola-poljane.splet.arnes.si\/index.php?rest_route=%2Fwp%2Fv2%2Fcomments&post=44163"}],"version-history":[{"count":4,"href":"https:\/\/sola-poljane.splet.arnes.si\/index.php?rest_route=\/wp\/v2\/posts\/44163\/revisions"}],"predecessor-version":[{"id":44192,"href":"https:\/\/sola-poljane.splet.arnes.si\/index.php?rest_route=\/wp\/v2\/posts\/44163\/revisions\/44192"}],"wp:featuredmedia":[{"embeddable":true,"href":"https:\/\/sola-poljane.splet.arnes.si\/index.php?rest_route=\/wp\/v2\/media\/44193"}],"wp:attachment":[{"href":"https:\/\/sola-poljane.splet.arnes.si\/index.php?rest_route=%2Fwp%2Fv2%2Fmedia&parent=44163"}],"wp:term":[{"taxonomy":"category","embeddable":true,"href":"https:\/\/sola-poljane.splet.arnes.si\/index.php?rest_route=%2Fwp%2Fv2%2Fcategories&post=44163"},{"taxonomy":"post_tag","embeddable":true,"href":"https:\/\/sola-poljane.splet.arnes.si\/index.php?rest_route=%2Fwp%2Fv2%2Ftags&post=44163"}],"curies":[{"name":"wp","href":"https:\/\/api.w.org\/{rel}","templated":true}]}}